{"id":48787,"date":"2023-12-21T16:15:26","date_gmt":"2023-12-21T22:15:26","guid":{"rendered":"https:\/\/encuentroinformativo.com.mx\/?p=48787"},"modified":"2023-12-21T16:15:34","modified_gmt":"2023-12-21T22:15:34","slug":"veracruz-y-xalapa-con-mas-creditos-que-deben-pasar-a-responsabilidad-compartida-infonavit","status":"publish","type":"post","link":"https:\/\/encuentroinformativo.com.mx\/?p=48787","title":{"rendered":"Veracruz y Xalapa con m\u00e1s cr\u00e9ditos que deben pasar a Responsabilidad Compartida: Infonavit"},"content":{"rendered":"\n<p><strong>Alejandro \u00c1vila<\/strong><\/p>\n\n\n\n<p>Veracruz, Ver.- El delegado de Infonavit en Veracruz, Erik Porres Blesa, mencion\u00f3 que debido a la cantidad de derechohabientes en las zonas metropolitanas de Veracruz y Xalapa, son las que cuentan con el mayor n\u00famero de cr\u00e9ditos de Infonavit en salario m\u00ednimo, mismos que deber\u00edan trasladarse al programa Responsabilidad Compartida, con la finalidad de congelar el aumento anual de la deuda.<\/p>\n\n\n\n<p>Erik Porres dijo que a\u00fan restan poco m\u00e1s de 66 mil derechohabientes que deber\u00edan cambiar su deuda con la finalidad de obtener mayores beneficios de pago, pues a la fecha solo lo han realizado 36 816 personas.<\/p>\n\n\n\n<p>Agreg\u00f3 que, solo tienen hasta el 29 de diciembre, pues en el 2024 se reajustan nuevamente la deuda seg\u00fan el aumento del salario m\u00ednimo.&nbsp;<\/p>\n\n\n\n<p>\u201cEn la zona metropolitana de Veracruz, sobre todo es donde m\u00e1s tenemos y que se han convertido, tambi\u00e9n en la zona conurbada de Xalapa. En Xalapa, estamos en \u00b4Ciudad de los cuatro soles\u00b4, en \u00a8Hacienda los cafetales\u00b4, \u00b4La pradera\u00b4, \u00b4Lomas Verdes\u00b4, \u00b4Nuevo Xalapa\u00b4, es en donde m\u00e1s cr\u00e9ditos tenemos\u201d, indic\u00f3.&nbsp;<\/p>\n\n\n\n<p>Para agilizar el tr\u00e1mite e informar a los derechohabientes se recorre casa por casa en esas colonias dejando aviso y el proceso para el cambiarse a \u201cresponsabilidad compartida\u201d.&nbsp;<\/p>\n\n\n\n<p>\u201cEl 31 de diciembre para el 1 de enero, les va a subir lo que hay que pagar y es lo que queremos evitar y es lo que venido trabajando. Por ejemplo, Mar\u00eda Eugenia en Fort\u00edn, antes de responsabilidad compartida, ten\u00eda un adeudo con nosotros 765 mil pesos, entr\u00f3 a responsabilidad compartida y sali\u00f3 con un adeudo nada m\u00e1s de 59 mil pesos, el beneficio fue de 708 mil pesos. Francisco, deb\u00eda un mill\u00f3n 690 mil tambi\u00e9n en Fort\u00edn, despu\u00e9s de responsabilidad compartida le qued\u00f3 176 mil pesos, es decir m\u00e1s de 1 mill\u00f3n se le descont\u00f3\u201d.&nbsp;<\/p>\n\n\n\n<p>Porres Blesa, precis\u00f3 que el tr\u00e1mite se puede realizar en las oficinas del Infonavit en cada ciudad y tambi\u00e9n a trav\u00e9s de la app \u201cmiInfonavit\u201d y es gratuito.&nbsp;<\/p>\n\n\n\n<p>Todos aquellos que tengan este esquema de cr\u00e9dito seg\u00fan el salario m\u00ednimo pueden acceder a este nuevo esquema, incluso aunque exista rezago en los pagos y que no tenga cofinanciamiento bancario.<\/p>\n","protected":false},"excerpt":{"rendered":"<p>Alejandro \u00c1vila Veracruz, Ver.- El delegado de Infonavit en Veracruz, Erik Porres Blesa, mencion\u00f3 que debido a la cantidad de derechohabientes en las zonas metropolitanas de Veracruz y Xalapa, son las que cuentan con el mayor n\u00famero de cr\u00e9ditos de Infonavit en salario m\u00ednimo, mismos que deber\u00edan trasladarse al programa Responsabilidad Compartida, con la finalidad [&hellip;]<\/p>\n","protected":false},"author":2476,"featured_media":48788,"comment_status":"open","ping_status":"open","sticky":false,"template":"","format":"standard","meta":{"_jetpack_memberships_contains_paid_content":false,"footnotes":""},"categories":[2],"tags":[],"class_list":["post-48787","post","type-post","status-publish","format-standard","has-post-thumbnail","hentry","category-estado"],"jetpack_featured_media_url":"https:\/\/encuentroinformativo.com.mx\/wp-content\/uploads\/2023\/12\/IMG-20231221-WA0057.jpg","jetpack_sharing_enabled":true,"jetpack_likes_enabled":true,"amp_enabled":true,"_links":{"self":[{"href":"https:\/\/encuentroinformativo.com.mx\/index.php?rest_route=\/wp\/v2\/posts\/48787","targetHints":{"allow":["GET"]}}],"collection":[{"href":"https:\/\/encuentroinformativo.com.mx\/index.php?rest_route=\/wp\/v2\/posts"}],"about":[{"href":"https:\/\/encuentroinformativo.com.mx\/index.php?rest_route=\/wp\/v2\/types\/post"}],"author":[{"embeddable":true,"href":"https:\/\/encuentroinformativo.com.mx\/index.php?rest_route=\/wp\/v2\/users\/2476"}],"replies":[{"embeddable":true,"href":"https:\/\/encuentroinformativo.com.mx\/index.php?rest_route=%2Fwp%2Fv2%2Fcomments&post=48787"}],"version-history":[{"count":1,"href":"https:\/\/encuentroinformativo.com.mx\/index.php?rest_route=\/wp\/v2\/posts\/48787\/revisions"}],"predecessor-version":[{"id":48789,"href":"https:\/\/encuentroinformativo.com.mx\/index.php?rest_route=\/wp\/v2\/posts\/48787\/revisions\/48789"}],"wp:featuredmedia":[{"embeddable":true,"href":"https:\/\/encuentroinformativo.com.mx\/index.php?rest_route=\/wp\/v2\/media\/48788"}],"wp:attachment":[{"href":"https:\/\/encuentroinformativo.com.mx\/index.php?rest_route=%2Fwp%2Fv2%2Fmedia&parent=48787"}],"wp:term":[{"taxonomy":"category","embeddable":true,"href":"https:\/\/encuentroinformativo.com.mx\/index.php?rest_route=%2Fwp%2Fv2%2Fcategories&post=48787"},{"taxonomy":"post_tag","embeddable":true,"href":"https:\/\/encuentroinformativo.com.mx\/index.php?rest_route=%2Fwp%2Fv2%2Ftags&post=48787"}],"curies":[{"name":"wp","href":"https:\/\/api.w.org\/{rel}","templated":true}]}}