{"id":48793,"date":"2023-12-21T16:28:36","date_gmt":"2023-12-21T22:28:36","guid":{"rendered":"https:\/\/encuentroinformativo.com.mx\/?p=48793"},"modified":"2023-12-21T16:28:40","modified_gmt":"2023-12-21T22:28:40","slug":"veracruz-necesita-un-gobierno-arraigado-pepe-yunes","status":"publish","type":"post","link":"https:\/\/encuentroinformativo.com.mx\/?p=48793","title":{"rendered":"Veracruz necesita un gobierno arraigado: Pepe Yunes"},"content":{"rendered":"\n<p><strong>Dar\u00edo Pale <\/strong><\/p>\n\n\n\n<p>Xalapa, Ver.- La elecci\u00f3n ser\u00e1 dif\u00edcil, pero se ganar\u00e1, Veracruz no necesita a una persona que venga a conocer al Estado y sus problemas, as\u00ed lo dio a conocer el aspirante a la gubernatura de Veracruz, por el Frente Amplio por M\u00e9xico, Jos\u00e9 Francisco Yunes Zorrilla.<\/p>\n\n\n\n<p>En entrevista defini\u00f3 que est\u00e1n conscientes de que la elecci\u00f3n a la gubernatura ser\u00e1 dif\u00edcil, pero se ganar\u00e1, adem\u00e1s le reconoci\u00f3 el gesto al senador panista Julen Rementer\u00eda del Puerto declinara en su favor, as\u00ed como antes reconoci\u00f3 el apoyo de Miguel \u00c1ngel Yunes y otras simpat\u00edas a lo largo del territorio veracruzano.<\/p>\n\n\n\n<p>&#8220;La elecci\u00f3n ser\u00e1 dif\u00edcil, pero se va a ganar. Veracruz necesita un gobierno arraigado, no un gobierno que venga a conocer el Estado y sus problemas, un gobierno que sepa cu\u00e1les son los or\u00edgenes de los problemas&#8221;, se\u00f1al\u00f3.<\/p>\n\n\n\n<p>&#8220;Que sea capaz de dar soluciones, no improvisaciones pagando el costo de aprendizaje, yo creo que los veracruzanos est\u00e1n pagando el costo y eso no es correcto&#8221;, agreg\u00f3.<\/p>\n\n\n\n<p>Por otra parte, lament\u00f3 la renuncia de Anil\u00fa Ingram, pero si se fueron 800 o m\u00e1s, el PRI debe buscar a esos y m\u00e1s simpatizantes que abandonaron al partido.<\/p>\n\n\n\n<p>Manifest\u00f3 que respeta mucho la decisi\u00f3n de la diputada local Anil\u00fa Ingram Vallines, de renunciar a su militancia pri\u00edsta, junto con otros actores para sumarse a la precandidata a la presidencia de la Rep\u00fablica, Claudia Sheimbaum.<\/p>\n\n\n\n<p>Lament\u00f3 que no hayan coincidido en el mismo proyecto, pero a\u00fan as\u00ed, expres\u00f3 su aprecio hacia la legisladora.<\/p>\n\n\n\n<p>Respecto de la salida de alrededor de 800 militantes del tricolor junto con Ingram, respondi\u00f3 que habr\u00e1 que convocar ahora a esos 800 o a m\u00e1s militantes para que puedan apoyar al Frente, que tiene como eje al desarrollo de Veracruz.<\/p>\n\n\n\n<p>En otro tema y luego de que el dirigente del PRD, Sergio Cadena asegurara que los alcaldes de oposici\u00f3n est\u00e1n siendo presionados y amenazados por el Gobierno, el legislador pri\u00edsta, confirm\u00f3 que efectivamente est\u00e1 sucediendo esto.<\/p>\n\n\n\n<p>A\u00fan m\u00e1s, concesionarios del transporte p\u00fablico no alquilan camiones para los eventos de la oposici\u00f3n por temor a las represalias, que sean detenidos, entre otros.<\/p>\n\n\n\n<p>&#8220;Hay alcaldes a los que se les hostiga con la revisi\u00f3n de la cuenta p\u00fablica, hay, para el caso del PRD, persecuci\u00f3n pol\u00edtica, actores, operadores pol\u00edticos de esa fuerza que est\u00e1n en la c\u00e1rcel sin que haya una raz\u00f3n de fondo&#8221;, se\u00f1al\u00f3.<\/p>\n\n\n\n<p>Ah\u00ed, recalc\u00f3 que el gobierno de Veracruz est\u00e1 operando con recursos p\u00fablicos para, de manera antidemocr\u00e1tica, perpetuarse en el poder.<\/p>\n\n\n\n<p>Finalmente se\u00f1al\u00f3, &#8220;pero la sociedad veracruzana no lo va a permitir, ellos tienen el poder y nosotros tenemos la legitimidad&#8221;.<\/p>\n","protected":false},"excerpt":{"rendered":"<p>Dar\u00edo Pale Xalapa, Ver.- La elecci\u00f3n ser\u00e1 dif\u00edcil, pero se ganar\u00e1, Veracruz no necesita a una persona que venga a conocer al Estado y sus problemas, as\u00ed lo dio a conocer el aspirante a la gubernatura de Veracruz, por el Frente Amplio por M\u00e9xico, Jos\u00e9 Francisco Yunes Zorrilla. En entrevista defini\u00f3 que est\u00e1n conscientes de [&hellip;]<\/p>\n","protected":false},"author":2476,"featured_media":48794,"comment_status":"open","ping_status":"open","sticky":false,"template":"","format":"standard","meta":{"_jetpack_memberships_contains_paid_content":false,"footnotes":""},"categories":[2],"tags":[],"class_list":["post-48793","post","type-post","status-publish","format-standard","has-post-thumbnail","hentry","category-estado"],"jetpack_featured_media_url":"https:\/\/encuentroinformativo.com.mx\/wp-content\/uploads\/2023\/12\/IMG-20231221-WA00292.jpg","jetpack_sharing_enabled":true,"jetpack_likes_enabled":true,"amp_enabled":true,"_links":{"self":[{"href":"https:\/\/encuentroinformativo.com.mx\/index.php?rest_route=\/wp\/v2\/posts\/48793","targetHints":{"allow":["GET"]}}],"collection":[{"href":"https:\/\/encuentroinformativo.com.mx\/index.php?rest_route=\/wp\/v2\/posts"}],"about":[{"href":"https:\/\/encuentroinformativo.com.mx\/index.php?rest_route=\/wp\/v2\/types\/post"}],"author":[{"embeddable":true,"href":"https:\/\/encuentroinformativo.com.mx\/index.php?rest_route=\/wp\/v2\/users\/2476"}],"replies":[{"embeddable":true,"href":"https:\/\/encuentroinformativo.com.mx\/index.php?rest_route=%2Fwp%2Fv2%2Fcomments&post=48793"}],"version-history":[{"count":1,"href":"https:\/\/encuentroinformativo.com.mx\/index.php?rest_route=\/wp\/v2\/posts\/48793\/revisions"}],"predecessor-version":[{"id":48795,"href":"https:\/\/encuentroinformativo.com.mx\/index.php?rest_route=\/wp\/v2\/posts\/48793\/revisions\/48795"}],"wp:featuredmedia":[{"embeddable":true,"href":"https:\/\/encuentroinformativo.com.mx\/index.php?rest_route=\/wp\/v2\/media\/48794"}],"wp:attachment":[{"href":"https:\/\/encuentroinformativo.com.mx\/index.php?rest_route=%2Fwp%2Fv2%2Fmedia&parent=48793"}],"wp:term":[{"taxonomy":"category","embeddable":true,"href":"https:\/\/encuentroinformativo.com.mx\/index.php?rest_route=%2Fwp%2Fv2%2Fcategories&post=48793"},{"taxonomy":"post_tag","embeddable":true,"href":"https:\/\/encuentroinformativo.com.mx\/index.php?rest_route=%2Fwp%2Fv2%2Ftags&post=48793"}],"curies":[{"name":"wp","href":"https:\/\/api.w.org\/{rel}","templated":true}]}}