{"id":48796,"date":"2023-12-21T16:40:19","date_gmt":"2023-12-21T22:40:19","guid":{"rendered":"https:\/\/encuentroinformativo.com.mx\/?p=48796"},"modified":"2023-12-21T16:40:23","modified_gmt":"2023-12-21T22:40:23","slug":"ricardo-ahued-de-los-mejores-alcaldes-reconoce-gobernador","status":"publish","type":"post","link":"https:\/\/encuentroinformativo.com.mx\/?p=48796","title":{"rendered":"Ricardo Ahued de los mejores alcaldes, reconoce Gobernador"},"content":{"rendered":"\n<p><strong>Dar\u00edo Pale <\/strong><\/p>\n\n\n\n<p>Xalapa, Ver.- El gobernador de Veracruz Cuitl\u00e1huac Garc\u00eda Jim\u00e9nez se\u00f1al\u00f3 que, Xalapa tiene al mejor alcalde del pa\u00eds esto luego de escuchar el Segundo Informe del presidente municipal Ricardo Ahued Bardahuil.\u00a0<\/p>\n\n\n\n<p>\u201cHay hoy un registro de los mejores alcaldes del pa\u00eds y creo que con este informe no va a quedar duda de que el mejor est\u00e1 aqu\u00ed en Xalapa\u201d, expres\u00f3 durante un breve mensaje tras escuchar los resultados del segundo a\u00f1o del gobierno municipal que encabeza Ricardo Ahued.\u00a0<\/p>\n\n\n\n<p>Reconoci\u00f3 principalmente la obra p\u00fablica y se comprometi\u00f3 a destinar m\u00e1s recursos estatales para la pavimentaci\u00f3n de m\u00e1s calles en la ciudad, en ese sentido dijo que se refrendar\u00e1 un convenio con el que se destinar\u00e1n 50 millones de pesos de parte del gobierno estatal.<\/p>\n\n\n\n<p>\u201cHemos presenciado un informe que, por sus obras y acciones tan p\u00fablicas, bien conocidas por todos nosotros, marcan una transformaci\u00f3n inigualable de esta gesti\u00f3n\u201d.<\/p>\n\n\n\n<p>El gobernador de Veracruz calific\u00f3 como hist\u00f3rico el trabajo del alcalde y le refrend\u00f3 el reconocimiento del gobierno: \u201cDon Ricardo Ahued, lo felicito, felicito a todo su equipo, al Cabildo porque est\u00e1n haciendo historia en Xalapa\u201d le dijo.\u00a0<\/p>\n\n\n\n<p>Finalmente Cuitl\u00e1huac Garc\u00eda pidi\u00f3 a quienes se dieron cita en el palacio municipal de Xalapa a ponerse de pie para aplaudir a Ricardo Ahued.<\/p>\n","protected":false},"excerpt":{"rendered":"<p>Dar\u00edo Pale Xalapa, Ver.- El gobernador de Veracruz Cuitl\u00e1huac Garc\u00eda Jim\u00e9nez se\u00f1al\u00f3 que, Xalapa tiene al mejor alcalde del pa\u00eds esto luego de escuchar el Segundo Informe del presidente municipal Ricardo Ahued Bardahuil.\u00a0 \u201cHay hoy un registro de los mejores alcaldes del pa\u00eds y creo que con este informe no va a quedar duda de [&hellip;]<\/p>\n","protected":false},"author":2476,"featured_media":48797,"comment_status":"open","ping_status":"open","sticky":false,"template":"","format":"standard","meta":{"_jetpack_memberships_contains_paid_content":false,"footnotes":""},"categories":[3],"tags":[],"class_list":["post-48796","post","type-post","status-publish","format-standard","has-post-thumbnail","hentry","category-xalapa"],"jetpack_featured_media_url":"https:\/\/encuentroinformativo.com.mx\/wp-content\/uploads\/2023\/12\/IMG-20231221-WA0051.jpg","jetpack_sharing_enabled":true,"jetpack_likes_enabled":true,"amp_enabled":true,"_links":{"self":[{"href":"https:\/\/encuentroinformativo.com.mx\/index.php?rest_route=\/wp\/v2\/posts\/48796","targetHints":{"allow":["GET"]}}],"collection":[{"href":"https:\/\/encuentroinformativo.com.mx\/index.php?rest_route=\/wp\/v2\/posts"}],"about":[{"href":"https:\/\/encuentroinformativo.com.mx\/index.php?rest_route=\/wp\/v2\/types\/post"}],"author":[{"embeddable":true,"href":"https:\/\/encuentroinformativo.com.mx\/index.php?rest_route=\/wp\/v2\/users\/2476"}],"replies":[{"embeddable":true,"href":"https:\/\/encuentroinformativo.com.mx\/index.php?rest_route=%2Fwp%2Fv2%2Fcomments&post=48796"}],"version-history":[{"count":1,"href":"https:\/\/encuentroinformativo.com.mx\/index.php?rest_route=\/wp\/v2\/posts\/48796\/revisions"}],"predecessor-version":[{"id":48798,"href":"https:\/\/encuentroinformativo.com.mx\/index.php?rest_route=\/wp\/v2\/posts\/48796\/revisions\/48798"}],"wp:featuredmedia":[{"embeddable":true,"href":"https:\/\/encuentroinformativo.com.mx\/index.php?rest_route=\/wp\/v2\/media\/48797"}],"wp:attachment":[{"href":"https:\/\/encuentroinformativo.com.mx\/index.php?rest_route=%2Fwp%2Fv2%2Fmedia&parent=48796"}],"wp:term":[{"taxonomy":"category","embeddable":true,"href":"https:\/\/encuentroinformativo.com.mx\/index.php?rest_route=%2Fwp%2Fv2%2Fcategories&post=48796"},{"taxonomy":"post_tag","embeddable":true,"href":"https:\/\/encuentroinformativo.com.mx\/index.php?rest_route=%2Fwp%2Fv2%2Ftags&post=48796"}],"curies":[{"name":"wp","href":"https:\/\/api.w.org\/{rel}","templated":true}]}}