{"id":4880,"date":"2020-08-13T14:59:18","date_gmt":"2020-08-13T19:59:18","guid":{"rendered":"https:\/\/encuentroinformativo.com\/?p=4880"},"modified":"2020-08-13T14:59:21","modified_gmt":"2020-08-13T19:59:21","slug":"condicionan-inscripcion-en-secundaria-de-coatepec-exigen-cuotas","status":"publish","type":"post","link":"https:\/\/encuentroinformativo.com.mx\/?p=4880","title":{"rendered":"Condicionan inscripci\u00f3n en secundaria de Coatepec, exigen cuotas"},"content":{"rendered":"\n<p><strong>Juan Arcos <\/strong><\/p>\n\n\n\n<p>Coatepec, Ver.- Un grupo de padres de familia de la secundaria \u201cEfr\u00e9n Ram\u00edrez Hern\u00e1ndez\u201d, ubicada en Coatepec, denunci\u00f3 que est\u00e1 siendo condicionada la inscripci\u00f3n de los estudiantes, mediante el cobro indebido de cuotas escolares.<\/p>\n\n\n\n<p>De acuerdo con una madre de familia, quien solicit\u00f3 el anonimato por temor a represalias, el pago est\u00e1 siendo exigido por la Asociaci\u00f3n de Padres de Familia.<\/p>\n\n\n\n<p>Los pap\u00e1s dijeron que est\u00e1n siendo presionados v\u00eda WhatsApp, para que efect\u00faen el pago de 850 pesos antes del 31 de agosto.<\/p>\n\n\n\n<p>\u201cNos est\u00e1n condicionando que paguemos la inscripci\u00f3n y despu\u00e9s nos inscriben o \u00bfc\u00f3mo est\u00e1 esto?\u201d.<\/p>\n\n\n\n<p>La entrevistada coment\u00f3 que se les inform\u00f3 a los padres de familia que los alumnos del primer grado podr\u00edan perder su lugar si no cubr\u00edan la inscripci\u00f3n correspondiente.<\/p>\n\n\n\n<p>\u201cA varios padres de familia les dijeron que si no se inscrib\u00edan en los d\u00edas que era o a la hora que era, perd\u00edan su lugar\u201d.<\/p>\n\n\n\n<p>El recurso econ\u00f3mico recaudado, mediante las cuotas de inscripci\u00f3n, ser\u00eda utilizado para el presunto mantenimiento del plantel, ubicado sobre la calle Nicol\u00e1s Bravo.<\/p>\n\n\n\n<p>Cabe recordar que por disposici\u00f3n del Gobierno Federal las cuotas de inscripci\u00f3n y voluntarias quedaron detenidas hasta nuevo aviso, debido a la pandemia del SARS-COV-2 (COVID-19).<\/p>\n\n\n\n<p><\/p>\n","protected":false},"excerpt":{"rendered":"<p>Juan Arcos Coatepec, Ver.- Un grupo de padres de familia de la secundaria \u201cEfr\u00e9n Ram\u00edrez Hern\u00e1ndez\u201d, ubicada en Coatepec, denunci\u00f3 que est\u00e1 siendo condicionada la inscripci\u00f3n de los estudiantes, mediante el cobro indebido de cuotas escolares. De acuerdo con una madre de familia, quien solicit\u00f3 el anonimato por temor a represalias, el pago est\u00e1 siendo [&hellip;]<\/p>\n","protected":false},"author":1,"featured_media":4881,"comment_status":"open","ping_status":"open","sticky":false,"template":"","format":"standard","meta":{"_jetpack_memberships_contains_paid_content":false,"footnotes":""},"categories":[8],"tags":[],"class_list":["post-4880","post","type-post","status-publish","format-standard","has-post-thumbnail","hentry","category-region"],"jetpack_featured_media_url":"https:\/\/encuentroinformativo.com.mx\/wp-content\/uploads\/2020\/08\/C0EB1AF8-D88B-4E07-9C31-207AFCDFB471.jpeg","jetpack_sharing_enabled":true,"jetpack_likes_enabled":true,"amp_enabled":true,"_links":{"self":[{"href":"https:\/\/encuentroinformativo.com.mx\/index.php?rest_route=\/wp\/v2\/posts\/4880","targetHints":{"allow":["GET"]}}],"collection":[{"href":"https:\/\/encuentroinformativo.com.mx\/index.php?rest_route=\/wp\/v2\/posts"}],"about":[{"href":"https:\/\/encuentroinformativo.com.mx\/index.php?rest_route=\/wp\/v2\/types\/post"}],"author":[{"embeddable":true,"href":"https:\/\/encuentroinformativo.com.mx\/index.php?rest_route=\/wp\/v2\/users\/1"}],"replies":[{"embeddable":true,"href":"https:\/\/encuentroinformativo.com.mx\/index.php?rest_route=%2Fwp%2Fv2%2Fcomments&post=4880"}],"version-history":[{"count":1,"href":"https:\/\/encuentroinformativo.com.mx\/index.php?rest_route=\/wp\/v2\/posts\/4880\/revisions"}],"predecessor-version":[{"id":4882,"href":"https:\/\/encuentroinformativo.com.mx\/index.php?rest_route=\/wp\/v2\/posts\/4880\/revisions\/4882"}],"wp:featuredmedia":[{"embeddable":true,"href":"https:\/\/encuentroinformativo.com.mx\/index.php?rest_route=\/wp\/v2\/media\/4881"}],"wp:attachment":[{"href":"https:\/\/encuentroinformativo.com.mx\/index.php?rest_route=%2Fwp%2Fv2%2Fmedia&parent=4880"}],"wp:term":[{"taxonomy":"category","embeddable":true,"href":"https:\/\/encuentroinformativo.com.mx\/index.php?rest_route=%2Fwp%2Fv2%2Fcategories&post=4880"},{"taxonomy":"post_tag","embeddable":true,"href":"https:\/\/encuentroinformativo.com.mx\/index.php?rest_route=%2Fwp%2Fv2%2Ftags&post=4880"}],"curies":[{"name":"wp","href":"https:\/\/api.w.org\/{rel}","templated":true}]}}