{"id":48803,"date":"2023-12-21T20:46:09","date_gmt":"2023-12-22T02:46:09","guid":{"rendered":"https:\/\/encuentroinformativo.com.mx\/?p=48803"},"modified":"2023-12-21T20:46:13","modified_gmt":"2023-12-22T02:46:13","slug":"nombran-nuevo-dirigente-priista-en-veracruz-puerto","status":"publish","type":"post","link":"https:\/\/encuentroinformativo.com.mx\/?p=48803","title":{"rendered":"Nombran nuevo dirigente pri\u00edsta en Veracruz puerto"},"content":{"rendered":"\n<p><strong>Alejandro \u00c1vila<\/strong><\/p>\n\n\n\n<p>Veracruz, Ver.- En sus primeras palabras tras ser ungido como presidente del PRI en el municipio de Veracruz, Arturo Cobos Valdez, se\u00f1al\u00f3 qu\u00e9 su acto protocolario mostr\u00f3 que cerraron filas y callaron bocas.<\/p>\n\n\n\n<p>El priista se\u00f1al\u00f3 que desde hace a\u00f1os no se ve\u00eda un evento donde l\u00edderes seccionales, expresidentes y organizaciones sociales se congregaran en uno de los principales recintos del priismo veracruzano.<\/p>\n\n\n\n<p>Nuevamente la calle Nezahualc\u00f3yotl fue cerrada y abarrotada por los militantes tricolores, con qui\u00e9nes Arturo Cobos, dijo caminar\u00e1 codo a codo para recuperar la fuerza del PRI en la ciudad.<\/p>\n\n\n\n<p>&#8220;Vamos a revisar la situaci\u00f3n real del edificio, de ah\u00ed empezar a caminar con la militancia, empezarla a recuperar, hablar con la sociedad civil y mostrarles que tenemos la fuerza para seguir trabajando por Veracruz, tenemos un excelente candidato, que es Pepe Yunes, y vamos a ganar la gubernatura&#8221;.<\/p>\n\n\n\n<p>En dicho evento estuvieron presentes el presidente del Comit\u00e9 Directivo Estatal del PRI de Veracruz, Adolfo Ram\u00edrez Arana; y la secretar\u00eda general, Lorena Pi\u00f1\u00f3n.<\/p>\n\n\n\n<p>Sobre la presunta desbandada de militantes priistas, dijo que al momento no ha recibido ninguna documentaci\u00f3n que acredite la renuncia de militantes.<\/p>\n\n\n\n<p>&#8220;Nosotros no hemos recibido noticia de que se haya ido alguno, mis respetos para la diputada, ya tom\u00f3 otro camino, nosotros seguimos el nuestro, y aqu\u00ed est\u00e1 el priismo demostrando que estamos fuertes&#8221;, expres\u00f3.<\/p>\n\n\n\n<p>Finalmente, Arturo Cobos manifest\u00f3 que en pr\u00f3ximos d\u00edas analizar\u00e1 el estatus de adeudos del edificio sede del PRI en la ciudad de Veracruz, con la intenci\u00f3n de liquidar cada uno de ellos y rehabilitar el inmueble.<\/p>\n","protected":false},"excerpt":{"rendered":"<p>Alejandro \u00c1vila Veracruz, Ver.- En sus primeras palabras tras ser ungido como presidente del PRI en el municipio de Veracruz, Arturo Cobos Valdez, se\u00f1al\u00f3 qu\u00e9 su acto protocolario mostr\u00f3 que cerraron filas y callaron bocas. El priista se\u00f1al\u00f3 que desde hace a\u00f1os no se ve\u00eda un evento donde l\u00edderes seccionales, expresidentes y organizaciones sociales se [&hellip;]<\/p>\n","protected":false},"author":2476,"featured_media":48804,"comment_status":"open","ping_status":"open","sticky":false,"template":"","format":"standard","meta":{"_jetpack_memberships_contains_paid_content":false,"footnotes":""},"categories":[2],"tags":[],"class_list":["post-48803","post","type-post","status-publish","format-standard","has-post-thumbnail","hentry","category-estado"],"jetpack_featured_media_url":"https:\/\/encuentroinformativo.com.mx\/wp-content\/uploads\/2023\/12\/IMG-20231221-WA00812.jpg","jetpack_sharing_enabled":true,"jetpack_likes_enabled":true,"amp_enabled":true,"_links":{"self":[{"href":"https:\/\/encuentroinformativo.com.mx\/index.php?rest_route=\/wp\/v2\/posts\/48803","targetHints":{"allow":["GET"]}}],"collection":[{"href":"https:\/\/encuentroinformativo.com.mx\/index.php?rest_route=\/wp\/v2\/posts"}],"about":[{"href":"https:\/\/encuentroinformativo.com.mx\/index.php?rest_route=\/wp\/v2\/types\/post"}],"author":[{"embeddable":true,"href":"https:\/\/encuentroinformativo.com.mx\/index.php?rest_route=\/wp\/v2\/users\/2476"}],"replies":[{"embeddable":true,"href":"https:\/\/encuentroinformativo.com.mx\/index.php?rest_route=%2Fwp%2Fv2%2Fcomments&post=48803"}],"version-history":[{"count":1,"href":"https:\/\/encuentroinformativo.com.mx\/index.php?rest_route=\/wp\/v2\/posts\/48803\/revisions"}],"predecessor-version":[{"id":48805,"href":"https:\/\/encuentroinformativo.com.mx\/index.php?rest_route=\/wp\/v2\/posts\/48803\/revisions\/48805"}],"wp:featuredmedia":[{"embeddable":true,"href":"https:\/\/encuentroinformativo.com.mx\/index.php?rest_route=\/wp\/v2\/media\/48804"}],"wp:attachment":[{"href":"https:\/\/encuentroinformativo.com.mx\/index.php?rest_route=%2Fwp%2Fv2%2Fmedia&parent=48803"}],"wp:term":[{"taxonomy":"category","embeddable":true,"href":"https:\/\/encuentroinformativo.com.mx\/index.php?rest_route=%2Fwp%2Fv2%2Fcategories&post=48803"},{"taxonomy":"post_tag","embeddable":true,"href":"https:\/\/encuentroinformativo.com.mx\/index.php?rest_route=%2Fwp%2Fv2%2Ftags&post=48803"}],"curies":[{"name":"wp","href":"https:\/\/api.w.org\/{rel}","templated":true}]}}