{"id":48819,"date":"2023-12-22T09:24:48","date_gmt":"2023-12-22T15:24:48","guid":{"rendered":"https:\/\/encuentroinformativo.com.mx\/?p=48819"},"modified":"2023-12-22T09:24:53","modified_gmt":"2023-12-22T15:24:53","slug":"de-principe-a-mendigo","status":"publish","type":"post","link":"https:\/\/encuentroinformativo.com.mx\/?p=48819","title":{"rendered":"DE PR\u00cdNCIPE A MENDIGO"},"content":{"rendered":"\n<p id=\"m_-9184479589383009264m_59786740523871511docs-internal-guid-b308e51b-8db0-1f1a-ece8-65334a20d1d9\"><strong>Los Pol\u00edticos<\/strong><\/p>\n\n\n\n<p><strong>Salvador Mu\u00f1oz<\/strong><\/p>\n\n\n\n<p>Pero qu\u00e9 necesidad hab\u00eda de exponer as\u00ed a Javier Herrera Borunda? O de plano, los verdes de Veracruz est\u00e1n muy \u201cverdes\u201d para entender que si hay algo que debe acordarse, pactarse, convenirse, arreglarse o concertar en la alianza Verde-Morena, no es en Veracruz donde debe tratarse, sino en el Altiplano y s\u00f3lo entre dos personas: Manuel Velasco Coello y Andr\u00e9s Manuel L\u00f3pez Obrador.<\/p>\n\n\n\n<p>Si a Manuel Velasco Coello le importara un poquito Veracruz, es seguro que ac\u00e1, en la Aldea, no se habr\u00eda dado el caso de \u201cVerdes con Iniciativa\u201d para tratar de intimidar al Monstruo que es Morena\u2026 porque mientras \u00e9l, el chiapaneco, est\u00e9 bien con el tabasque\u00f1o, el mundo sigue girando.<\/p>\n\n\n\n<p>Es claro que \u201cla amenaza\u201d tampoco surgi\u00f3 de Javier Herrera Borunda que con el video que \u00a1volvi\u00f3 a subir, editado, pero lo volvi\u00f3 a subir! en sus redes, dej\u00f3 en claro que su palabra est\u00e1 empe\u00f1ada en acompa\u00f1ar a Nahle en su camino a la Gubernatura. En pocas palabras, alguien lo meti\u00f3 en broncas y de a gratis.<\/p>\n\n\n\n<p>S\u00ed, ese video lo subi\u00f3 en septiembre, donde anunciaba que \u00e9l no iba a buscar ser candidato y \u201cdeclinaba\u201d por Roc\u00edo Nahle, porque las preferencias de los veracruzanos se hab\u00edan decantado en favor de la se\u00f1ora, y advert\u00eda que si no era Nahle, era con nadie.<\/p>\n\n\n\n<p>Javier Herrera Borunda es un caso singular de la pol\u00edtica veracruzana.<\/p>\n\n\n\n<p>Est\u00e1 claro que el papel que juega en el PVEM es la de un lacayo, de sangre azul, de estirpe real, de apellido con alcurnia\u2026 pero al fin y al cabo, lacayo. Y si bien tiene seguidores en la entidad, es porque le reconocen la nobleza de su origen, pero\u2026 \u00bfQu\u00e9 hubiera pasado si Javier Herrera Borunda se hubiera mantenido en la cuna que le dio s\u00e1banas de seda?<\/p>\n\n\n\n<p>Es seguro que en estos momentos estuviera a la altura de un PRIncipe, por su origen, quiz\u00e1s encaminado por aquellos viejos lobos de mar (de los pocos que a\u00fan quedan en el partido) encamin\u00e1ndolo, ilustr\u00e1ndolo en las artes pol\u00edticas, en el teje y maneje de la grilla, para que, en un d\u00eda no muy lejano, reclamara lo que le pertenece (s\u00ed, me la jal\u00e9 un poco, pero suena bonito).<\/p>\n\n\n\n<p>Es incre\u00edble que otros hijos de pol\u00edticos, tanto de la misma altura de su padre o con distintos cargos nobiliarios, ya hayan sido de todo\u2026<\/p>\n\n\n\n<p>Ah\u00ed tenemos a Miguel \u00c1ngel Yunes M\u00e1rquez, ex diputado, ex alcalde, ex candidato a la Gubernatura, y probable candidato por un esca\u00f1o\u2026<\/p>\n\n\n\n<p>\u00a1Ni se diga su hermano! Quien igual suena cuando se agita el pandero para la Gubernatura\u2026 \u00a1Vamos! Hasta Do\u00f1a Paty Lobeira la ven con tama\u00f1o para tal cargo\u2026<\/p>\n\n\n\n<p>Am\u00e9rico Z\u00fa\u00f1iga ya fue alcalde, diputado local y federal (igual que los anteriores, v\u00eda votos ganados con sudor) adem\u00e1s de otros cargos\u2026<\/p>\n\n\n\n<p>Rodrigo y Ricardo Garc\u00eda Escalante son otros botones de muestra\u2026<\/p>\n\n\n\n<p>En menor escala, hijos e hijas de pri\u00edstas ya saben lo que es ser alcaldes de San Andr\u00e9s Tuxtla o ser diputadas o senadoras como Ainara Rementer\u00eda\u2026<\/p>\n\n\n\n<p>Javier, si se hubiera acabado de formar en el PRI, y sobre todo en este PRI de carencias, hubiera forjado su esp\u00edritu y a la vez, el de muchos pri\u00edstas que a\u00fan admiran, quieren y respetan a su padre\u2026 Hoy, Javier Herrera, si no fuera Pepe, ser\u00eda el Adalid de los Pri\u00edstas, el General en la primera l\u00ednea, el M\u00e1ximo D\u00e9cimo Meridio, comandante de las tropas del Cosamaloapan, general de las legiones Fidelistas, leal servidor del verdadero Imperio: el PRI.<\/p>\n\n\n\n<p>Hoy, tiene que dar la cara por otros que al parecer, no saben c\u00f3mo est\u00e1 el negocio del Verde con Morena, o m\u00e1s bien, de Manuel con Andr\u00e9s Manuel\u2026<\/p>\n\n\n\n<p>En fin\u2026 Javier prefiri\u00f3 pasar de Pr\u00edncipe a Mendigo\u2026<\/p>\n","protected":false},"excerpt":{"rendered":"<p>Los Pol\u00edticos Salvador Mu\u00f1oz Pero qu\u00e9 necesidad hab\u00eda de exponer as\u00ed a Javier Herrera Borunda? O de plano, los verdes de Veracruz est\u00e1n muy \u201cverdes\u201d para entender que si hay algo que debe acordarse, pactarse, convenirse, arreglarse o concertar en la alianza Verde-Morena, no es en Veracruz donde debe tratarse, sino en el Altiplano y [&hellip;]<\/p>\n","protected":false},"author":2476,"featured_media":387,"comment_status":"open","ping_status":"open","sticky":false,"template":"","format":"standard","meta":{"_jetpack_memberships_contains_paid_content":false,"footnotes":""},"categories":[11],"tags":[],"class_list":["post-48819","post","type-post","status-publish","format-standard","has-post-thumbnail","hentry","category-opinion"],"jetpack_featured_media_url":"https:\/\/encuentroinformativo.com.mx\/wp-content\/uploads\/2020\/03\/7CF8A22B-2764-47BE-8F7F-38FE9E5D6A2F.jpeg","jetpack_sharing_enabled":true,"jetpack_likes_enabled":true,"amp_enabled":true,"_links":{"self":[{"href":"https:\/\/encuentroinformativo.com.mx\/index.php?rest_route=\/wp\/v2\/posts\/48819","targetHints":{"allow":["GET"]}}],"collection":[{"href":"https:\/\/encuentroinformativo.com.mx\/index.php?rest_route=\/wp\/v2\/posts"}],"about":[{"href":"https:\/\/encuentroinformativo.com.mx\/index.php?rest_route=\/wp\/v2\/types\/post"}],"author":[{"embeddable":true,"href":"https:\/\/encuentroinformativo.com.mx\/index.php?rest_route=\/wp\/v2\/users\/2476"}],"replies":[{"embeddable":true,"href":"https:\/\/encuentroinformativo.com.mx\/index.php?rest_route=%2Fwp%2Fv2%2Fcomments&post=48819"}],"version-history":[{"count":1,"href":"https:\/\/encuentroinformativo.com.mx\/index.php?rest_route=\/wp\/v2\/posts\/48819\/revisions"}],"predecessor-version":[{"id":48820,"href":"https:\/\/encuentroinformativo.com.mx\/index.php?rest_route=\/wp\/v2\/posts\/48819\/revisions\/48820"}],"wp:featuredmedia":[{"embeddable":true,"href":"https:\/\/encuentroinformativo.com.mx\/index.php?rest_route=\/wp\/v2\/media\/387"}],"wp:attachment":[{"href":"https:\/\/encuentroinformativo.com.mx\/index.php?rest_route=%2Fwp%2Fv2%2Fmedia&parent=48819"}],"wp:term":[{"taxonomy":"category","embeddable":true,"href":"https:\/\/encuentroinformativo.com.mx\/index.php?rest_route=%2Fwp%2Fv2%2Fcategories&post=48819"},{"taxonomy":"post_tag","embeddable":true,"href":"https:\/\/encuentroinformativo.com.mx\/index.php?rest_route=%2Fwp%2Fv2%2Ftags&post=48819"}],"curies":[{"name":"wp","href":"https:\/\/api.w.org\/{rel}","templated":true}]}}