{"id":48826,"date":"2023-12-22T12:00:23","date_gmt":"2023-12-22T18:00:23","guid":{"rendered":"https:\/\/encuentroinformativo.com.mx\/?p=48826"},"modified":"2023-12-22T12:00:28","modified_gmt":"2023-12-22T18:00:28","slug":"urge-confirmar-adhesion-de-la-alianza-rementeria","status":"publish","type":"post","link":"https:\/\/encuentroinformativo.com.mx\/?p=48826","title":{"rendered":"Urge confirmar adhesi\u00f3n de la alianza: Rementer\u00eda"},"content":{"rendered":"\n<p><strong>Alejandro \u00c1vila<\/strong><\/p>\n\n\n\n<p>Boca del R\u00edo, Ver.- El Senador, Julen Rementer\u00eda del Puerto, asegur\u00f3 que urge que el Partido Acci\u00f3n Nacional en Veracruz confirme su adhesi\u00f3n a la alianza opositora, pues el d\u00eda 2 de enero empiezan las precampa\u00f1as a la gubernatura.<\/p>\n\n\n\n<p>El legislador veracruzano dijo que el presidente nacional, Marko Cort\u00e9s, est\u00e1 de acuerdo en concretar la alianza en Veracruz, solo falta que el presidente estatal, Federico Salom\u00f3n, plasme su r\u00fabrica en el documento que deber\u00e1n presentar ante el Instituto Electoral Veracruzano.<\/p>\n\n\n\n<p>&#8220;\u00bfPor qu\u00e9 tiene que ser ya, por qu\u00e9 estamos haciendo este llamado a la inmediatez, porque el d\u00eda 2 de enero Pepe tendr\u00e1 que empezar la precampa\u00f1a, estamos hablando del siguiente martes al que sigue, entonces ya no hay tiempo para alargar esto, para extender las decisiones porque ponemos en riesgo todo. Lo que estamos viendo es que se haga ya, justo lo que yo dec\u00eda, si al final en Acci\u00f3n Nacional el \u00fanico que hab\u00eda dicho de manera propia que quer\u00eda participar era un servidor, y ahora estoy diciendo vamos porque Veracruz nos necesita, pues entonces yo creo que se tiene que resolver ya de manera urgente, pues en los pr\u00f3ximos d\u00edas en las pr\u00f3ximas horas, s\u00e9 que hay intenci\u00f3n de hacerlo, pero necesitamos pasar de la intenci\u00f3n a la acci\u00f3n, plasmar los documentos que se tendr\u00e1n que registrar en el Instituto Electoral Veracruzano, eso es lo que hay que hacer y hay que hacerlo ya&#8221;, subray\u00f3.<\/p>\n\n\n\n<p>Julen Rementer\u00eda asegur\u00f3 que el beneficio colectivo es superior a las intenciones personales, por lo que la decisi\u00f3n de sumarse a la campa\u00f1a de Pepe Yunes se debe a que urge un cambio radical, pues el estado de Veracruz est\u00e1 en franco declive.<\/p>\n\n\n\n<p>Finalmente, el ex alcalde de Veracruz asegur\u00f3 que no puso condici\u00f3n alguna o hubo alg\u00fan arreglo de posiciones para sumarse al equipo de Pepe Yunes.<\/p>\n\n\n\n<p>&#8220;Ninguna, solamente la circunstancia de poner por delante realmente el inter\u00e9s de Veracruz, yo s\u00ed quiero que Veracruz le vaya bien, yo s\u00ed quiero que gane la alianza, yo s\u00ed quiero que Morena acabe el mal gobierno en Veracruz&#8221;, sentenci\u00f3.<\/p>\n","protected":false},"excerpt":{"rendered":"<p>Alejandro \u00c1vila Boca del R\u00edo, Ver.- El Senador, Julen Rementer\u00eda del Puerto, asegur\u00f3 que urge que el Partido Acci\u00f3n Nacional en Veracruz confirme su adhesi\u00f3n a la alianza opositora, pues el d\u00eda 2 de enero empiezan las precampa\u00f1as a la gubernatura. El legislador veracruzano dijo que el presidente nacional, Marko Cort\u00e9s, est\u00e1 de acuerdo en [&hellip;]<\/p>\n","protected":false},"author":2476,"featured_media":48827,"comment_status":"open","ping_status":"open","sticky":false,"template":"","format":"standard","meta":{"_jetpack_memberships_contains_paid_content":false,"footnotes":""},"categories":[2],"tags":[],"class_list":["post-48826","post","type-post","status-publish","format-standard","has-post-thumbnail","hentry","category-estado"],"jetpack_featured_media_url":"https:\/\/encuentroinformativo.com.mx\/wp-content\/uploads\/2023\/12\/IMG-20231222-WA00262.jpg","jetpack_sharing_enabled":true,"jetpack_likes_enabled":true,"amp_enabled":true,"_links":{"self":[{"href":"https:\/\/encuentroinformativo.com.mx\/index.php?rest_route=\/wp\/v2\/posts\/48826","targetHints":{"allow":["GET"]}}],"collection":[{"href":"https:\/\/encuentroinformativo.com.mx\/index.php?rest_route=\/wp\/v2\/posts"}],"about":[{"href":"https:\/\/encuentroinformativo.com.mx\/index.php?rest_route=\/wp\/v2\/types\/post"}],"author":[{"embeddable":true,"href":"https:\/\/encuentroinformativo.com.mx\/index.php?rest_route=\/wp\/v2\/users\/2476"}],"replies":[{"embeddable":true,"href":"https:\/\/encuentroinformativo.com.mx\/index.php?rest_route=%2Fwp%2Fv2%2Fcomments&post=48826"}],"version-history":[{"count":1,"href":"https:\/\/encuentroinformativo.com.mx\/index.php?rest_route=\/wp\/v2\/posts\/48826\/revisions"}],"predecessor-version":[{"id":48828,"href":"https:\/\/encuentroinformativo.com.mx\/index.php?rest_route=\/wp\/v2\/posts\/48826\/revisions\/48828"}],"wp:featuredmedia":[{"embeddable":true,"href":"https:\/\/encuentroinformativo.com.mx\/index.php?rest_route=\/wp\/v2\/media\/48827"}],"wp:attachment":[{"href":"https:\/\/encuentroinformativo.com.mx\/index.php?rest_route=%2Fwp%2Fv2%2Fmedia&parent=48826"}],"wp:term":[{"taxonomy":"category","embeddable":true,"href":"https:\/\/encuentroinformativo.com.mx\/index.php?rest_route=%2Fwp%2Fv2%2Fcategories&post=48826"},{"taxonomy":"post_tag","embeddable":true,"href":"https:\/\/encuentroinformativo.com.mx\/index.php?rest_route=%2Fwp%2Fv2%2Ftags&post=48826"}],"curies":[{"name":"wp","href":"https:\/\/api.w.org\/{rel}","templated":true}]}}