{"id":48841,"date":"2023-12-22T14:12:43","date_gmt":"2023-12-22T20:12:43","guid":{"rendered":"https:\/\/encuentroinformativo.com.mx\/?p=48841"},"modified":"2023-12-22T14:12:48","modified_gmt":"2023-12-22T20:12:48","slug":"ante-incumplimiento-de-autoridades-agrarias-amagan-ejidatarios-con-voto-de-castigo","status":"publish","type":"post","link":"https:\/\/encuentroinformativo.com.mx\/?p=48841","title":{"rendered":"Ante incumplimiento de autoridades agrarias, amagan ejidatarios con voto de castigo"},"content":{"rendered":"\n<p><strong>Dar\u00edo Pale <\/strong><\/p>\n\n\n\n<p>Xalapa, Ver.- El representante de la Coordinadora de Comisariados Ejidales y Comunales del Estado de Veracruz, Ulises Espinoza Utrera, dio a conocer que la gente del campo podr\u00eda aplicar un voto de castigo en las pr\u00f3ximas elecciones, pues aseguran que su gremio es un &#8220;gigante dormido&#8221; que podr\u00eda actuar debido al incumplimiento de sus demandas.<\/p>\n\n\n\n<p>En entrevista se\u00f1al\u00f3 que, las autoridades agrarias siguen ignorando el reclamo de los campesinos inconformes, los cuales han externado su molestia por malos tratos y diversas irregularidades.<\/p>\n\n\n\n<p>&#8220;En realidad todo lo que es el \u00e1mbito agrario por parte de los ejidatarios siguen estando muy inconformes y muy molestos por esta situaci\u00f3n, el trato sigue igual y no ha cambiado&#8221;, se\u00f1al\u00f3.<\/p>\n\n\n\n<p>Debido a que su postura no ha sido escuchada, reiter\u00f3 el llamado al gobierno federal para que haya una transformaci\u00f3n de fondo en la Procuradur\u00eda Agraria y el Registro Agrario Nacional (RAN), instancias donde consideran que debe haber una aut\u00e9ntica representaci\u00f3n de quienes trabajan en el campo.<\/p>\n\n\n\n<p>&#8220;Gente que sepa de campo y vea el sufrimiento de todos y cada uno de los sujetos agrarios, porque nosotros sentimos que hay gente sin coraz\u00f3n, que son muy vicerales y nos tratan con la punta del pie&#8221;, coment\u00f3.<\/p>\n\n\n\n<p>La Coordinadora de Comisariados Ejidales y comunales del Estado de Veracruz representa a m\u00e1s de mil 775 n\u00facleos agrarios, los cuales han expresado su confianza en el proyecto de naci\u00f3n del presidente Andr\u00e9s Manuel L\u00f3pez Obrador.<\/p>\n\n\n\n<p>Sin embargo, afirmaron que dicho proyecto &#8220;tiene que permear en los mandos medios, hay una mafia enquistada del sector agrario que est\u00e1 acostumbrada a hacer las cosas como anta\u00f1o (&#8230;) les lleg\u00f3 tarde la 4T y por lo tanto no est\u00e1n actuando de manera congruente&#8221;, agreg\u00f3 Ariadna Hern\u00e1ndez Rodr\u00edguez, secretaria del ejido Pocitos y Ca\u00f1amazo, del municipio de Paso del Macho.<\/p>\n","protected":false},"excerpt":{"rendered":"<p>Dar\u00edo Pale Xalapa, Ver.- El representante de la Coordinadora de Comisariados Ejidales y Comunales del Estado de Veracruz, Ulises Espinoza Utrera, dio a conocer que la gente del campo podr\u00eda aplicar un voto de castigo en las pr\u00f3ximas elecciones, pues aseguran que su gremio es un &#8220;gigante dormido&#8221; que podr\u00eda actuar debido al incumplimiento de [&hellip;]<\/p>\n","protected":false},"author":2476,"featured_media":48842,"comment_status":"open","ping_status":"open","sticky":false,"template":"","format":"standard","meta":{"_jetpack_memberships_contains_paid_content":false,"footnotes":""},"categories":[2],"tags":[],"class_list":["post-48841","post","type-post","status-publish","format-standard","has-post-thumbnail","hentry","category-estado"],"jetpack_featured_media_url":"https:\/\/encuentroinformativo.com.mx\/wp-content\/uploads\/2023\/12\/IMG-20231222-WA0037.jpg","jetpack_sharing_enabled":true,"jetpack_likes_enabled":true,"amp_enabled":true,"_links":{"self":[{"href":"https:\/\/encuentroinformativo.com.mx\/index.php?rest_route=\/wp\/v2\/posts\/48841","targetHints":{"allow":["GET"]}}],"collection":[{"href":"https:\/\/encuentroinformativo.com.mx\/index.php?rest_route=\/wp\/v2\/posts"}],"about":[{"href":"https:\/\/encuentroinformativo.com.mx\/index.php?rest_route=\/wp\/v2\/types\/post"}],"author":[{"embeddable":true,"href":"https:\/\/encuentroinformativo.com.mx\/index.php?rest_route=\/wp\/v2\/users\/2476"}],"replies":[{"embeddable":true,"href":"https:\/\/encuentroinformativo.com.mx\/index.php?rest_route=%2Fwp%2Fv2%2Fcomments&post=48841"}],"version-history":[{"count":1,"href":"https:\/\/encuentroinformativo.com.mx\/index.php?rest_route=\/wp\/v2\/posts\/48841\/revisions"}],"predecessor-version":[{"id":48843,"href":"https:\/\/encuentroinformativo.com.mx\/index.php?rest_route=\/wp\/v2\/posts\/48841\/revisions\/48843"}],"wp:featuredmedia":[{"embeddable":true,"href":"https:\/\/encuentroinformativo.com.mx\/index.php?rest_route=\/wp\/v2\/media\/48842"}],"wp:attachment":[{"href":"https:\/\/encuentroinformativo.com.mx\/index.php?rest_route=%2Fwp%2Fv2%2Fmedia&parent=48841"}],"wp:term":[{"taxonomy":"category","embeddable":true,"href":"https:\/\/encuentroinformativo.com.mx\/index.php?rest_route=%2Fwp%2Fv2%2Fcategories&post=48841"},{"taxonomy":"post_tag","embeddable":true,"href":"https:\/\/encuentroinformativo.com.mx\/index.php?rest_route=%2Fwp%2Fv2%2Ftags&post=48841"}],"curies":[{"name":"wp","href":"https:\/\/api.w.org\/{rel}","templated":true}]}}