{"id":48847,"date":"2023-12-22T14:38:55","date_gmt":"2023-12-22T20:38:55","guid":{"rendered":"https:\/\/encuentroinformativo.com.mx\/?p=48847"},"modified":"2023-12-22T14:39:00","modified_gmt":"2023-12-22T20:39:00","slug":"adeudos-con-tecnologicos-son-federales-lima-franco","status":"publish","type":"post","link":"https:\/\/encuentroinformativo.com.mx\/?p=48847","title":{"rendered":"Adeudos con tecnol\u00f3gicos son federales: Lima Franco"},"content":{"rendered":"\n<p><strong>Dar\u00edo Pale <\/strong><\/p>\n\n\n\n<p>Xalapa, Ver.- Aclara el secretario de Finanzas, Jos\u00e9 Luis Lima Franco, que el adeudo a trabajadores del Tecnol\u00f3gico es tema federal, responsabiliz\u00f3 a la \u00a0federaci\u00f3n del atraso en el pago a los trabajadores sindicalizados del Instituto Tecnol\u00f3gico de Estudios Superiores de Xalapa (ITESX).<\/p>\n\n\n\n<p>En entrevista explic\u00f3 \u00a0que el adeudo que se tiene corresponde a la parte federal, dijo que todos los compromisos salariales y prestaciones a la burocracia estatal est\u00e1 totalmente finiquitado.<\/p>\n\n\n\n<p>\u201cYa debe estar todo pagado, ya que todo fue ministrado, tanto a las dependencias estatales como a las OPD\u2019s, de los recursos del estado; si existiera un adeudo, debe ser del gobierno federal&#8221;, se\u00f1al\u00f3.<\/p>\n\n\n\n<p>El funcionario estatal precis\u00f3 que las manifestaciones est\u00e1n en su derecho, lo pueden hacer; &#8220;pero nosotros hemos cumplido en tiempo y forma&#8221;, agreg\u00f3.<\/p>\n\n\n\n<p>Finalmente Lima Franco, descart\u00f3 que vaya a haber incremento en los impuestos o la aplicaci\u00f3n de nuevos grav\u00e1menes; lo \u00fanico que se prev\u00e9 son actualizaciones a las tarifas, pero ning\u00fan alza de impuestos o creaci\u00f3n de nuevos.<\/p>\n","protected":false},"excerpt":{"rendered":"<p>Dar\u00edo Pale Xalapa, Ver.- Aclara el secretario de Finanzas, Jos\u00e9 Luis Lima Franco, que el adeudo a trabajadores del Tecnol\u00f3gico es tema federal, responsabiliz\u00f3 a la \u00a0federaci\u00f3n del atraso en el pago a los trabajadores sindicalizados del Instituto Tecnol\u00f3gico de Estudios Superiores de Xalapa (ITESX). En entrevista explic\u00f3 \u00a0que el adeudo que se tiene corresponde [&hellip;]<\/p>\n","protected":false},"author":2476,"featured_media":48850,"comment_status":"open","ping_status":"open","sticky":false,"template":"","format":"standard","meta":{"_jetpack_memberships_contains_paid_content":false,"footnotes":""},"categories":[2],"tags":[],"class_list":["post-48847","post","type-post","status-publish","format-standard","has-post-thumbnail","hentry","category-estado"],"jetpack_featured_media_url":"https:\/\/encuentroinformativo.com.mx\/wp-content\/uploads\/2023\/12\/IMG-20231222-WA00442.jpg","jetpack_sharing_enabled":true,"jetpack_likes_enabled":true,"amp_enabled":true,"_links":{"self":[{"href":"https:\/\/encuentroinformativo.com.mx\/index.php?rest_route=\/wp\/v2\/posts\/48847","targetHints":{"allow":["GET"]}}],"collection":[{"href":"https:\/\/encuentroinformativo.com.mx\/index.php?rest_route=\/wp\/v2\/posts"}],"about":[{"href":"https:\/\/encuentroinformativo.com.mx\/index.php?rest_route=\/wp\/v2\/types\/post"}],"author":[{"embeddable":true,"href":"https:\/\/encuentroinformativo.com.mx\/index.php?rest_route=\/wp\/v2\/users\/2476"}],"replies":[{"embeddable":true,"href":"https:\/\/encuentroinformativo.com.mx\/index.php?rest_route=%2Fwp%2Fv2%2Fcomments&post=48847"}],"version-history":[{"count":1,"href":"https:\/\/encuentroinformativo.com.mx\/index.php?rest_route=\/wp\/v2\/posts\/48847\/revisions"}],"predecessor-version":[{"id":48849,"href":"https:\/\/encuentroinformativo.com.mx\/index.php?rest_route=\/wp\/v2\/posts\/48847\/revisions\/48849"}],"wp:featuredmedia":[{"embeddable":true,"href":"https:\/\/encuentroinformativo.com.mx\/index.php?rest_route=\/wp\/v2\/media\/48850"}],"wp:attachment":[{"href":"https:\/\/encuentroinformativo.com.mx\/index.php?rest_route=%2Fwp%2Fv2%2Fmedia&parent=48847"}],"wp:term":[{"taxonomy":"category","embeddable":true,"href":"https:\/\/encuentroinformativo.com.mx\/index.php?rest_route=%2Fwp%2Fv2%2Fcategories&post=48847"},{"taxonomy":"post_tag","embeddable":true,"href":"https:\/\/encuentroinformativo.com.mx\/index.php?rest_route=%2Fwp%2Fv2%2Ftags&post=48847"}],"curies":[{"name":"wp","href":"https:\/\/api.w.org\/{rel}","templated":true}]}}