{"id":48854,"date":"2023-12-22T16:51:51","date_gmt":"2023-12-22T22:51:51","guid":{"rendered":"https:\/\/encuentroinformativo.com.mx\/?p=48854"},"modified":"2023-12-22T16:51:56","modified_gmt":"2023-12-22T22:51:56","slug":"destinan-inversion-millonaria-para-rehabilitacion-del-agora-ivec","status":"publish","type":"post","link":"https:\/\/encuentroinformativo.com.mx\/?p=48854","title":{"rendered":"Destinan inversi\u00f3n millonaria para rehabilitaci\u00f3n del \u00c1gora: IVEC"},"content":{"rendered":"\n<p><strong>Dar\u00edo Pale <\/strong><\/p>\n\n\n\n<p>Xalapa, Ver.- El \u00c1gora de la Ciudad y la Sala Chica del Teatro del Estado se rehabilitan con recursos millonarios, por lo que los recintos culturales, quedar\u00e1n como nuevos, as\u00ed lo dio a conocer la directora del Instituto Veracruzano de la Cultura (IVEC), Silvia Alejandre Prado.<\/p>\n\n\n\n<p>En entrevista inform\u00f3 sobre los avances en la rehabilitaci\u00f3n integral del \u00c1gora de la Ciudad, as\u00ed como de la Sala Chica del Teatro del Estado, &#8220;Dagoberto Guillaum\u00edn&#8221;.\u00a0<\/p>\n\n\n\n<p>Con respecto a la primera obra, expuso que se invierten 15 millones de pesos, en donde se interviene la parte superior del parque Ju\u00e1rez, pero que a su vez es la cubierta del \u00c1gora.<\/p>\n\n\n\n<p>Los trabajos comenzaron hace un mes luego de lanzar la convocatoria de licitaci\u00f3n p\u00fablica y se prev\u00e9 que en junio de 2024 se pueda reabrir.\u00a0<\/p>\n\n\n\n<p>La directora indic\u00f3 que la pergola se retir\u00f3 y se reubicar\u00e1. Adem\u00e1s se rehabilitar\u00e1 la losa del mirador porque ten\u00eda una serie de filtraciones. En el interior se cambiar\u00e1 el plaf\u00f3n ac\u00fastico, el sistema de aire acondicionado, el sistema de iluminaci\u00f3n y se van a recuperar la duela, los acabados del piso en la sala de exposiciones.\u00a0<br>Con respecto a la rehabilitaci\u00f3n de la Sala Chica del Teatro del Estado, acot\u00f3 que se destinan m\u00e1s de dos millones de pesos y m\u00e1s recursos en equipos.\u00a0<\/p>\n\n\n\n<p>A dicho recinto se le interviene el cableado, la iluminaci\u00f3n, as\u00ed como las consolas de audio y de luces. Asimismo los equipos maestros de control. El mobiliario de la cabina, la cual qued\u00f3 totalmente nueva.\u00a0<\/p>\n\n\n\n<p>Tambi\u00e9n se hizo una rehabilitaci\u00f3n en el techo por la humedad y las filtraciones que presentaba. Adem\u00e1s se atendieron las instalaciones hidrosanitarias y el\u00e9ctricas.\u00a0<\/p>\n\n\n\n<p>Por \u00faltimo se\u00f1al\u00f3 que, el Teatro del Estado cumpli\u00f3 61 a\u00f1os y ya requer\u00eda una rehabilitaci\u00f3n integral, por lo que desde el a\u00f1o 2019 se han invertido m\u00e1s de cinco millones de pesos. Todav\u00eda no hay una fecha exacta para abrir la Sala Chica por la complejidad de su rehabilitaci\u00f3n.<\/p>\n","protected":false},"excerpt":{"rendered":"<p>Dar\u00edo Pale Xalapa, Ver.- El \u00c1gora de la Ciudad y la Sala Chica del Teatro del Estado se rehabilitan con recursos millonarios, por lo que los recintos culturales, quedar\u00e1n como nuevos, as\u00ed lo dio a conocer la directora del Instituto Veracruzano de la Cultura (IVEC), Silvia Alejandre Prado. En entrevista inform\u00f3 sobre los avances en [&hellip;]<\/p>\n","protected":false},"author":2476,"featured_media":48855,"comment_status":"open","ping_status":"open","sticky":false,"template":"","format":"standard","meta":{"_jetpack_memberships_contains_paid_content":false,"footnotes":""},"categories":[2],"tags":[],"class_list":["post-48854","post","type-post","status-publish","format-standard","has-post-thumbnail","hentry","category-estado"],"jetpack_featured_media_url":"https:\/\/encuentroinformativo.com.mx\/wp-content\/uploads\/2023\/12\/IMG-20231222-WA00722.jpg","jetpack_sharing_enabled":true,"jetpack_likes_enabled":true,"amp_enabled":true,"_links":{"self":[{"href":"https:\/\/encuentroinformativo.com.mx\/index.php?rest_route=\/wp\/v2\/posts\/48854","targetHints":{"allow":["GET"]}}],"collection":[{"href":"https:\/\/encuentroinformativo.com.mx\/index.php?rest_route=\/wp\/v2\/posts"}],"about":[{"href":"https:\/\/encuentroinformativo.com.mx\/index.php?rest_route=\/wp\/v2\/types\/post"}],"author":[{"embeddable":true,"href":"https:\/\/encuentroinformativo.com.mx\/index.php?rest_route=\/wp\/v2\/users\/2476"}],"replies":[{"embeddable":true,"href":"https:\/\/encuentroinformativo.com.mx\/index.php?rest_route=%2Fwp%2Fv2%2Fcomments&post=48854"}],"version-history":[{"count":1,"href":"https:\/\/encuentroinformativo.com.mx\/index.php?rest_route=\/wp\/v2\/posts\/48854\/revisions"}],"predecessor-version":[{"id":48856,"href":"https:\/\/encuentroinformativo.com.mx\/index.php?rest_route=\/wp\/v2\/posts\/48854\/revisions\/48856"}],"wp:featuredmedia":[{"embeddable":true,"href":"https:\/\/encuentroinformativo.com.mx\/index.php?rest_route=\/wp\/v2\/media\/48855"}],"wp:attachment":[{"href":"https:\/\/encuentroinformativo.com.mx\/index.php?rest_route=%2Fwp%2Fv2%2Fmedia&parent=48854"}],"wp:term":[{"taxonomy":"category","embeddable":true,"href":"https:\/\/encuentroinformativo.com.mx\/index.php?rest_route=%2Fwp%2Fv2%2Fcategories&post=48854"},{"taxonomy":"post_tag","embeddable":true,"href":"https:\/\/encuentroinformativo.com.mx\/index.php?rest_route=%2Fwp%2Fv2%2Ftags&post=48854"}],"curies":[{"name":"wp","href":"https:\/\/api.w.org\/{rel}","templated":true}]}}