{"id":4886,"date":"2020-08-13T18:05:21","date_gmt":"2020-08-13T23:05:21","guid":{"rendered":"https:\/\/encuentroinformativo.com\/?p=4886"},"modified":"2020-08-13T18:05:24","modified_gmt":"2020-08-13T23:05:24","slug":"aumenta-cierre-de-negocios-en-coatepec","status":"publish","type":"post","link":"https:\/\/encuentroinformativo.com.mx\/?p=4886","title":{"rendered":"Aumenta cierre de negocios en Coatepec"},"content":{"rendered":"\n<p><strong>Juan Arcos <\/strong><\/p>\n\n\n\n<p>Coatepec, Ver.- Letreros con la leyenda \u201cse renta local\u201d cuelgan en las fachadas de algunos negocios del municipio de Coatepec.<\/p>\n\n\n\n<p>La crisis econ\u00f3mica derivada de la pandemia del SARS-COV-2 (COVID-19) ha obligado a algunos empresarios a cerrar sus establecimientos, de manera definitiva.<\/p>\n\n\n\n<p>Esta situaci\u00f3n ha sido notoria sobre la calle Morelos del Centro Hist\u00f3rico, muy cerca del parque Miguel Hidalgo y del Palacio Municipal.<\/p>\n\n\n\n<p>Sobre la ventana de una cafeter\u00eda, perteneciente a una importante cadena comercial, se observa una cartulina donde se lee que la sucursal permanecer\u00e1 cerrada unos d\u00edas m\u00e1s por la pandemia.<\/p>\n\n\n\n<p>\u201cAviso. Estimado cliente: debido al alto riesgo en Coatepec, esta sucursal seguir\u00e1 cerrada unos d\u00edas m\u00e1s; sin embargo, la sucursal de Plaza Crystal Coatepec se encuentra abierta. Gracias por su comprensi\u00f3n\u201d, es el mensaje.\u00a0<br>A unos metros de dicho lugar, son visibles los letreros de \u201cse renta local\u201d o \u201cse vende\u201d.<\/p>\n\n\n\n<p>De acuerdo con el regidor tercero del ayuntamiento de Coatepec, Jorge Ignacio Luna Hern\u00e1ndez, quien es titular de la Comisi\u00f3n de Comercio, a\u00fan se desconoce el n\u00famero de negocios que cerrar\u00e1n sus puertas, de forma definitiva, en el Pueblo M\u00e1gico, ubicado a 10 kil\u00f3metros de la capital del estado.\u00a0<\/p>\n\n\n\n<p>\u201cS\u00ed han cerrado algunos lugares pero se desconoce si es temporal o si cuando se reanude todo tipo de actividades van a volver a abrir, es muy complicado saberlo\u201d, expres\u00f3.\u00a0<\/p>\n\n\n\n<p><\/p>\n\n\n\n<p><\/p>\n","protected":false},"excerpt":{"rendered":"<p>Juan Arcos Coatepec, Ver.- Letreros con la leyenda \u201cse renta local\u201d cuelgan en las fachadas de algunos negocios del municipio de Coatepec. La crisis econ\u00f3mica derivada de la pandemia del SARS-COV-2 (COVID-19) ha obligado a algunos empresarios a cerrar sus establecimientos, de manera definitiva. Esta situaci\u00f3n ha sido notoria sobre la calle Morelos del Centro [&hellip;]<\/p>\n","protected":false},"author":1,"featured_media":4887,"comment_status":"open","ping_status":"open","sticky":false,"template":"","format":"standard","meta":{"_jetpack_memberships_contains_paid_content":false,"footnotes":""},"categories":[8],"tags":[],"class_list":["post-4886","post","type-post","status-publish","format-standard","has-post-thumbnail","hentry","category-region"],"jetpack_featured_media_url":"https:\/\/encuentroinformativo.com.mx\/wp-content\/uploads\/2020\/08\/26B4C999-75AD-4812-B446-138D0BCE045F.jpeg","jetpack_sharing_enabled":true,"jetpack_likes_enabled":true,"amp_enabled":true,"_links":{"self":[{"href":"https:\/\/encuentroinformativo.com.mx\/index.php?rest_route=\/wp\/v2\/posts\/4886","targetHints":{"allow":["GET"]}}],"collection":[{"href":"https:\/\/encuentroinformativo.com.mx\/index.php?rest_route=\/wp\/v2\/posts"}],"about":[{"href":"https:\/\/encuentroinformativo.com.mx\/index.php?rest_route=\/wp\/v2\/types\/post"}],"author":[{"embeddable":true,"href":"https:\/\/encuentroinformativo.com.mx\/index.php?rest_route=\/wp\/v2\/users\/1"}],"replies":[{"embeddable":true,"href":"https:\/\/encuentroinformativo.com.mx\/index.php?rest_route=%2Fwp%2Fv2%2Fcomments&post=4886"}],"version-history":[{"count":1,"href":"https:\/\/encuentroinformativo.com.mx\/index.php?rest_route=\/wp\/v2\/posts\/4886\/revisions"}],"predecessor-version":[{"id":4888,"href":"https:\/\/encuentroinformativo.com.mx\/index.php?rest_route=\/wp\/v2\/posts\/4886\/revisions\/4888"}],"wp:featuredmedia":[{"embeddable":true,"href":"https:\/\/encuentroinformativo.com.mx\/index.php?rest_route=\/wp\/v2\/media\/4887"}],"wp:attachment":[{"href":"https:\/\/encuentroinformativo.com.mx\/index.php?rest_route=%2Fwp%2Fv2%2Fmedia&parent=4886"}],"wp:term":[{"taxonomy":"category","embeddable":true,"href":"https:\/\/encuentroinformativo.com.mx\/index.php?rest_route=%2Fwp%2Fv2%2Fcategories&post=4886"},{"taxonomy":"post_tag","embeddable":true,"href":"https:\/\/encuentroinformativo.com.mx\/index.php?rest_route=%2Fwp%2Fv2%2Ftags&post=4886"}],"curies":[{"name":"wp","href":"https:\/\/api.w.org\/{rel}","templated":true}]}}