{"id":48863,"date":"2023-12-23T16:28:43","date_gmt":"2023-12-23T22:28:43","guid":{"rendered":"https:\/\/encuentroinformativo.com.mx\/?p=48863"},"modified":"2023-12-23T16:28:46","modified_gmt":"2023-12-23T22:28:46","slug":"conmemoran-jubilados-8-anos-de-desalojo-en-la-plaza-lerdo","status":"publish","type":"post","link":"https:\/\/encuentroinformativo.com.mx\/?p=48863","title":{"rendered":"Conmemoran jubilados 8 a\u00f1os de desalojo en la plaza Lerdo"},"content":{"rendered":"\n<p><strong>Dar\u00edo Pale <\/strong><\/p>\n\n\n\n<p>Xalapa, Ver.- A fin de conmemorar 8 a\u00f1os de la represi\u00f3n contra jubilados, integrantes de la Coalici\u00f3n de Pensionistas Independientes del Estado de Veracruz A.C (Copipev), protestaron en plaza Lerdo, ah\u00ed se\u00f1alaron que el exgobernador interino contin\u00faa sin recibir un castigo.<\/p>\n\n\n\n<p>En entrevista, Sergio T\u00e9llez, presidente de la Coalici\u00f3n, record\u00f3 que el 23 de diciembre de 2015,\u00a0 cuando estaban reclamando el pago de sus pensiones y el aguinaldo, tras un a\u00f1o de retrasos de las prestaciones; cuando fueron desalojados por elementos de la SSP.<\/p>\n\n\n\n<p>Record\u00f3 que la Comisi\u00f3n Nacional de Derechos Humanos emiti\u00f3 una recomendaci\u00f3n en contra del gobierno del Estado, as\u00ed como en contra de diversos titulares de dependencias como Seguridad P\u00fablica, Secretar\u00eda de Gobierno, entre otras, por la violaci\u00f3n a sus derechos humanos.<\/p>\n\n\n\n<p>Y luego de tres a\u00f1os de investigaci\u00f3n, la administraci\u00f3n de Cuitl\u00e1huac Garc\u00eda Jim\u00e9nez ofreci\u00f3 una disculpa p\u00fablica, sin embargo, manifest\u00f3 que contin\u00faa pendiente una investigaci\u00f3n sobre los hechos y determinar qui\u00e9nes fueron los responsables de ordenar la agresi\u00f3n.<\/p>\n\n\n\n<p>&#8220;Eso ha estado en manos de la Fiscal\u00eda General y despu\u00e9s de 8 a\u00f1os sigue pendiente. Han cambiado siete veces de fiscal para hacer la investigaci\u00f3n y todav\u00eda no alcanza un resultado&#8221;, se\u00f1al\u00f3.<\/p>\n\n\n\n<p>Indic\u00f3 que si bien ellos saben que quien habr\u00eda ordenado el desalojo con violencia, fue el entonces secretario de Gobierno, Flavino R\u00edos, legalmente no est\u00e1 establecido, no ha habido ninguna sanci\u00f3n en su contra.<\/p>\n\n\n\n<p>Sergio T\u00e9llez record\u00f3 que la Comisi\u00f3n Nacional de Derechos Humanos determin\u00f3 que hab\u00edan sido m\u00e1s de 30 las v\u00edctimas por el desalojo violento.<\/p>\n\n\n\n<p>Finalmente detall\u00f3 que en aquel momento eran m\u00e1s de 25 mil jubilados y pensionados, ahora suman m\u00e1s de 30 mil.<\/p>\n\n\n\n<figure class=\"wp-block-image size-large\"><img loading=\"lazy\" decoding=\"async\" width=\"1024\" height=\"576\" src=\"https:\/\/encuentroinformativo.com.mx\/wp-content\/uploads\/2023\/12\/IMG-20231223-WA0026-1024x576.jpg\" alt=\"\" class=\"wp-image-48865\" srcset=\"https:\/\/encuentroinformativo.com.mx\/wp-content\/uploads\/2023\/12\/IMG-20231223-WA0026-1024x576.jpg 1024w, https:\/\/encuentroinformativo.com.mx\/wp-content\/uploads\/2023\/12\/IMG-20231223-WA0026-300x169.jpg 300w, https:\/\/encuentroinformativo.com.mx\/wp-content\/uploads\/2023\/12\/IMG-20231223-WA0026-768x432.jpg 768w, https:\/\/encuentroinformativo.com.mx\/wp-content\/uploads\/2023\/12\/IMG-20231223-WA0026.jpg 1280w\" sizes=\"auto, (max-width: 1024px) 100vw, 1024px\" \/><\/figure>\n","protected":false},"excerpt":{"rendered":"<p>Dar\u00edo Pale Xalapa, Ver.- A fin de conmemorar 8 a\u00f1os de la represi\u00f3n contra jubilados, integrantes de la Coalici\u00f3n de Pensionistas Independientes del Estado de Veracruz A.C (Copipev), protestaron en plaza Lerdo, ah\u00ed se\u00f1alaron que el exgobernador interino contin\u00faa sin recibir un castigo. En entrevista, Sergio T\u00e9llez, presidente de la Coalici\u00f3n, record\u00f3 que el 23 [&hellip;]<\/p>\n","protected":false},"author":2476,"featured_media":48864,"comment_status":"open","ping_status":"open","sticky":false,"template":"","format":"standard","meta":{"_jetpack_memberships_contains_paid_content":false,"footnotes":""},"categories":[3],"tags":[],"class_list":["post-48863","post","type-post","status-publish","format-standard","has-post-thumbnail","hentry","category-xalapa"],"jetpack_featured_media_url":"https:\/\/encuentroinformativo.com.mx\/wp-content\/uploads\/2023\/12\/IMG-20231223-WA0016.jpg","jetpack_sharing_enabled":true,"jetpack_likes_enabled":true,"amp_enabled":true,"_links":{"self":[{"href":"https:\/\/encuentroinformativo.com.mx\/index.php?rest_route=\/wp\/v2\/posts\/48863","targetHints":{"allow":["GET"]}}],"collection":[{"href":"https:\/\/encuentroinformativo.com.mx\/index.php?rest_route=\/wp\/v2\/posts"}],"about":[{"href":"https:\/\/encuentroinformativo.com.mx\/index.php?rest_route=\/wp\/v2\/types\/post"}],"author":[{"embeddable":true,"href":"https:\/\/encuentroinformativo.com.mx\/index.php?rest_route=\/wp\/v2\/users\/2476"}],"replies":[{"embeddable":true,"href":"https:\/\/encuentroinformativo.com.mx\/index.php?rest_route=%2Fwp%2Fv2%2Fcomments&post=48863"}],"version-history":[{"count":1,"href":"https:\/\/encuentroinformativo.com.mx\/index.php?rest_route=\/wp\/v2\/posts\/48863\/revisions"}],"predecessor-version":[{"id":48866,"href":"https:\/\/encuentroinformativo.com.mx\/index.php?rest_route=\/wp\/v2\/posts\/48863\/revisions\/48866"}],"wp:featuredmedia":[{"embeddable":true,"href":"https:\/\/encuentroinformativo.com.mx\/index.php?rest_route=\/wp\/v2\/media\/48864"}],"wp:attachment":[{"href":"https:\/\/encuentroinformativo.com.mx\/index.php?rest_route=%2Fwp%2Fv2%2Fmedia&parent=48863"}],"wp:term":[{"taxonomy":"category","embeddable":true,"href":"https:\/\/encuentroinformativo.com.mx\/index.php?rest_route=%2Fwp%2Fv2%2Fcategories&post=48863"},{"taxonomy":"post_tag","embeddable":true,"href":"https:\/\/encuentroinformativo.com.mx\/index.php?rest_route=%2Fwp%2Fv2%2Ftags&post=48863"}],"curies":[{"name":"wp","href":"https:\/\/api.w.org\/{rel}","templated":true}]}}