{"id":48867,"date":"2023-12-23T16:35:19","date_gmt":"2023-12-23T22:35:19","guid":{"rendered":"https:\/\/encuentroinformativo.com.mx\/?p=48867"},"modified":"2023-12-23T16:35:23","modified_gmt":"2023-12-23T22:35:23","slug":"navidad-es-para-celebrar-nacimiento-de-jesus-evangelicos","status":"publish","type":"post","link":"https:\/\/encuentroinformativo.com.mx\/?p=48867","title":{"rendered":"Navidad es para celebrar nacimiento de Jes\u00fas: Evang\u00e9licos"},"content":{"rendered":"\n<p><strong>Dar\u00edo Pale <\/strong><\/p>\n\n\n\n<p>Xalapa, Ver.- El sentido de la Navidad es la celebraci\u00f3n del nacimiento de Jes\u00fas, hijo de Dios en la tierra, por ello no deber\u00eda tener un sentido material, as\u00ed lo dio a conocer el presidente de la Red Evang\u00e9lica del Estado de Veracruz, Guillermo Trujillo \u00c1lvarez.<\/p>\n\n\n\n<p>En entrevista se\u00f1al\u00f3, &#8220;tenemos que ser conscientes todos los ciudadanos de que la Navidad no es una \u00e9poca X, no es una fecha X, no es una fiestecita simple&#8230; no es el mu\u00f1eco rojo ese que anda en las pasarelas, no. La Navidad es el nacimiento de Dios en la tierra buscando al hombre pecador&#8221;.<\/p>\n\n\n\n<p>Dijo que si bien, es &#8220;bonito&#8221; y hasta &#8220;rom\u00e1ntico&#8221; en sentido que se le da actualmente a la Navidad, la fraternidad y todo lo que rodea a esta \u00e9poca, debe darse la importancia del sentido de la paz que tiene esta fecha dado que es el nacimiento de Jes\u00fas.\u00a0<\/p>\n\n\n\n<p>&#8220;\u00bfQu\u00e9 es la Navidad? Nada menos que el nacimiento de Dios aqu\u00ed en la tierra, no es X \u00e9poca. Que si fue en esa \u00e9poca, que si fue en ese tiempo, eso no importa, lo que importa es que se c\u00e9lebre el nacimiento de Dios en la Tierra, que se entienda el mensaje de que vino para perdonar nuestros pecados y llevarnos con Dios&#8221; abund\u00f3 en entrevista.<\/p>\n\n\n\n<p>Finalmente el representante de la iglesia evang\u00e9lica en el estado dio este mensaje en la v\u00edspera de la Navidad<\/p>\n","protected":false},"excerpt":{"rendered":"<p>Dar\u00edo Pale Xalapa, Ver.- El sentido de la Navidad es la celebraci\u00f3n del nacimiento de Jes\u00fas, hijo de Dios en la tierra, por ello no deber\u00eda tener un sentido material, as\u00ed lo dio a conocer el presidente de la Red Evang\u00e9lica del Estado de Veracruz, Guillermo Trujillo \u00c1lvarez. En entrevista se\u00f1al\u00f3, &#8220;tenemos que ser conscientes [&hellip;]<\/p>\n","protected":false},"author":2476,"featured_media":48868,"comment_status":"open","ping_status":"open","sticky":false,"template":"","format":"standard","meta":{"_jetpack_memberships_contains_paid_content":false,"footnotes":""},"categories":[3],"tags":[],"class_list":["post-48867","post","type-post","status-publish","format-standard","has-post-thumbnail","hentry","category-xalapa"],"jetpack_featured_media_url":"https:\/\/encuentroinformativo.com.mx\/wp-content\/uploads\/2023\/12\/IMG-20231223-WA0028.jpg","jetpack_sharing_enabled":true,"jetpack_likes_enabled":true,"amp_enabled":true,"_links":{"self":[{"href":"https:\/\/encuentroinformativo.com.mx\/index.php?rest_route=\/wp\/v2\/posts\/48867","targetHints":{"allow":["GET"]}}],"collection":[{"href":"https:\/\/encuentroinformativo.com.mx\/index.php?rest_route=\/wp\/v2\/posts"}],"about":[{"href":"https:\/\/encuentroinformativo.com.mx\/index.php?rest_route=\/wp\/v2\/types\/post"}],"author":[{"embeddable":true,"href":"https:\/\/encuentroinformativo.com.mx\/index.php?rest_route=\/wp\/v2\/users\/2476"}],"replies":[{"embeddable":true,"href":"https:\/\/encuentroinformativo.com.mx\/index.php?rest_route=%2Fwp%2Fv2%2Fcomments&post=48867"}],"version-history":[{"count":1,"href":"https:\/\/encuentroinformativo.com.mx\/index.php?rest_route=\/wp\/v2\/posts\/48867\/revisions"}],"predecessor-version":[{"id":48869,"href":"https:\/\/encuentroinformativo.com.mx\/index.php?rest_route=\/wp\/v2\/posts\/48867\/revisions\/48869"}],"wp:featuredmedia":[{"embeddable":true,"href":"https:\/\/encuentroinformativo.com.mx\/index.php?rest_route=\/wp\/v2\/media\/48868"}],"wp:attachment":[{"href":"https:\/\/encuentroinformativo.com.mx\/index.php?rest_route=%2Fwp%2Fv2%2Fmedia&parent=48867"}],"wp:term":[{"taxonomy":"category","embeddable":true,"href":"https:\/\/encuentroinformativo.com.mx\/index.php?rest_route=%2Fwp%2Fv2%2Fcategories&post=48867"},{"taxonomy":"post_tag","embeddable":true,"href":"https:\/\/encuentroinformativo.com.mx\/index.php?rest_route=%2Fwp%2Fv2%2Ftags&post=48867"}],"curies":[{"name":"wp","href":"https:\/\/api.w.org\/{rel}","templated":true}]}}