{"id":48870,"date":"2023-12-22T16:21:00","date_gmt":"2023-12-22T22:21:00","guid":{"rendered":"https:\/\/encuentroinformativo.com.mx\/?p=48870"},"modified":"2023-12-24T00:24:32","modified_gmt":"2023-12-24T06:24:32","slug":"en-alvarado-muere-persona-calcinada-en-su-automovil-tras-ser-impactada-por-un-trailer","status":"publish","type":"post","link":"https:\/\/encuentroinformativo.com.mx\/?p=48870","title":{"rendered":"En Alvarado muere persona calcinada en su autom\u00f3vil tras ser impactada por un tr\u00e1iler"},"content":{"rendered":"\n<p><strong>Alejandro \u00c1vila<\/strong><\/p>\n\n\n\n<p>Alvarado, Ver.- Tr\u00e1gico y mortal accidente se suscit\u00f3 la tarde de este viernes en la carretera federal 180, en el tramo que corresponde la carretera Alvarado &#8211; Lerdo de Tejada; el conductor de un autom\u00f3vil Audi falleci\u00f3 calcinado en su unidad tras ser impactado por un tr\u00e1iler ca\u00f1ero.<\/p>\n\n\n\n<p>Los primeros reportes indican que el tr\u00e1iler acababa de salir del ingenio y transportaba ca\u00f1a con rumbo a la ciudad de Veracruz cuando en el mencionado tramo carretero impact\u00f3 a un veh\u00edculo Audi color azul con placas YKX-30-90.<\/p>\n\n\n\n<p>Tras el aparatoso accidente&nbsp; el autom\u00f3vil se incendi\u00f3 y el conductor principal muri\u00f3 calcinado en la unidad, testigos se\u00f1alan que presuntamente hab\u00eda otra persona en el veh\u00edculo, sin embargo, hasta el momento, los cuerpos de rescate no han confirmado esta versi\u00f3n.<\/p>\n\n\n\n<p>Elementos de la Polic\u00eda Municipal de Alvarado, Bomberos y Protecci\u00f3n Civil de Alvarado, acudieron al reporte de auxilio, tras varios minutos pudieron sofocar el fuego y hasta el momento se desconoce si el responsable del accidente se encuentra a disposici\u00f3n de las autoridades pertinentes.<\/p>\n\n\n\n<figure class=\"wp-block-image size-large\"><img loading=\"lazy\" decoding=\"async\" width=\"768\" height=\"1024\" src=\"https:\/\/encuentroinformativo.com.mx\/wp-content\/uploads\/2023\/12\/IMG-20231222-WA0066-768x1024.jpg\" alt=\"\" class=\"wp-image-48872\" srcset=\"https:\/\/encuentroinformativo.com.mx\/wp-content\/uploads\/2023\/12\/IMG-20231222-WA0066-768x1024.jpg 768w, https:\/\/encuentroinformativo.com.mx\/wp-content\/uploads\/2023\/12\/IMG-20231222-WA0066-225x300.jpg 225w, https:\/\/encuentroinformativo.com.mx\/wp-content\/uploads\/2023\/12\/IMG-20231222-WA0066-1152x1536.jpg 1152w, https:\/\/encuentroinformativo.com.mx\/wp-content\/uploads\/2023\/12\/IMG-20231222-WA0066.jpg 1200w\" sizes=\"auto, (max-width: 768px) 100vw, 768px\" \/><\/figure>\n","protected":false},"excerpt":{"rendered":"<p>Alejandro \u00c1vila Alvarado, Ver.- Tr\u00e1gico y mortal accidente se suscit\u00f3 la tarde de este viernes en la carretera federal 180, en el tramo que corresponde la carretera Alvarado &#8211; Lerdo de Tejada; el conductor de un autom\u00f3vil Audi falleci\u00f3 calcinado en su unidad tras ser impactado por un tr\u00e1iler ca\u00f1ero. Los primeros reportes indican que [&hellip;]<\/p>\n","protected":false},"author":2476,"featured_media":48871,"comment_status":"open","ping_status":"open","sticky":false,"template":"","format":"standard","meta":{"_jetpack_memberships_contains_paid_content":false,"footnotes":""},"categories":[14],"tags":[],"class_list":["post-48870","post","type-post","status-publish","format-standard","has-post-thumbnail","hentry","category-policiaca"],"jetpack_featured_media_url":"https:\/\/encuentroinformativo.com.mx\/wp-content\/uploads\/2023\/12\/IMG-20231222-WA0069.jpg","jetpack_sharing_enabled":true,"jetpack_likes_enabled":true,"amp_enabled":true,"_links":{"self":[{"href":"https:\/\/encuentroinformativo.com.mx\/index.php?rest_route=\/wp\/v2\/posts\/48870","targetHints":{"allow":["GET"]}}],"collection":[{"href":"https:\/\/encuentroinformativo.com.mx\/index.php?rest_route=\/wp\/v2\/posts"}],"about":[{"href":"https:\/\/encuentroinformativo.com.mx\/index.php?rest_route=\/wp\/v2\/types\/post"}],"author":[{"embeddable":true,"href":"https:\/\/encuentroinformativo.com.mx\/index.php?rest_route=\/wp\/v2\/users\/2476"}],"replies":[{"embeddable":true,"href":"https:\/\/encuentroinformativo.com.mx\/index.php?rest_route=%2Fwp%2Fv2%2Fcomments&post=48870"}],"version-history":[{"count":1,"href":"https:\/\/encuentroinformativo.com.mx\/index.php?rest_route=\/wp\/v2\/posts\/48870\/revisions"}],"predecessor-version":[{"id":48873,"href":"https:\/\/encuentroinformativo.com.mx\/index.php?rest_route=\/wp\/v2\/posts\/48870\/revisions\/48873"}],"wp:featuredmedia":[{"embeddable":true,"href":"https:\/\/encuentroinformativo.com.mx\/index.php?rest_route=\/wp\/v2\/media\/48871"}],"wp:attachment":[{"href":"https:\/\/encuentroinformativo.com.mx\/index.php?rest_route=%2Fwp%2Fv2%2Fmedia&parent=48870"}],"wp:term":[{"taxonomy":"category","embeddable":true,"href":"https:\/\/encuentroinformativo.com.mx\/index.php?rest_route=%2Fwp%2Fv2%2Fcategories&post=48870"},{"taxonomy":"post_tag","embeddable":true,"href":"https:\/\/encuentroinformativo.com.mx\/index.php?rest_route=%2Fwp%2Fv2%2Ftags&post=48870"}],"curies":[{"name":"wp","href":"https:\/\/api.w.org\/{rel}","templated":true}]}}