{"id":48875,"date":"2023-12-24T14:56:31","date_gmt":"2023-12-24T20:56:31","guid":{"rendered":"https:\/\/encuentroinformativo.com.mx\/?p=48875"},"modified":"2023-12-24T14:56:35","modified_gmt":"2023-12-24T20:56:35","slug":"un-momento-de-reflexion","status":"publish","type":"post","link":"https:\/\/encuentroinformativo.com.mx\/?p=48875","title":{"rendered":"Un momento de reflexi\u00f3n"},"content":{"rendered":"\n<p><strong>Columna de Opini\u00f3n <\/strong><\/p>\n\n\n\n<p><strong>Zaira Rosas<\/strong><\/p>\n\n\n\n<p>Mientras escribo son v\u00edsperas de Navidad para algunas personas, otras tantas celebrar\u00e1n Januc\u00e1, algunas simplemente dejan pasar una fecha m\u00e1s en el calendario, pero sin duda diciembre es un mes de cierre, pues seamos creyentes en algo o no, se acerca el fin de a\u00f1o, esta es una temporada de abundancia en algunos casos o de incremento de gastos y problem\u00e1ticas para otros, pero si en algo coincidimos es en el deseo y a\u00f1oranza de un mundo mejor, en la espera de oportunidades, el desarrollo de la educaci\u00f3n y la ilusi\u00f3n de seguridad.&nbsp;<\/p>\n\n\n\n<p>Estos \u00faltimos deseos los compartimos todas las personas en el planeta, sin embargo, m\u00e1s all\u00e1 de a\u00f1orar \u00bfQu\u00e9 hacemos por cumplirlos? Si hablamos de un mundo mejor, \u00bfQu\u00e9 acciones realizamos d\u00eda con d\u00eda? Quiz\u00e1s so\u00f1amos con econom\u00edas justas, por ello \u00bfcompramos de manera consciente? O \u00bfgastamos en comercios que abaratan precios mediante la explotaci\u00f3n de otros? Si la esperanza que tenemos es de mayor seguridad. \u00bfrespetamos la ley desde sus formas m\u00e1s b\u00e1sicas o caemos en sobornos menores con tal de ganar tiempo y agilidad?, queremos oportunidades equitativas. \u00bfbrindamos estas mismas en nuestros c\u00edrculos m\u00e1s cercanos y condiciones justas de trabajo si tenemos a alguien a nuestro cargo?<\/p>\n\n\n\n<p>En la vida no se trata s\u00f3lo de pedir y exigir, sino tambi\u00e9n de dar, de evaluar nuestras acciones cotidianas y reflexionar qu\u00e9 tan grande ha sido nuestra contribuci\u00f3n al entorno que vivimos actualmente. Hoy M\u00e9xico y el mundo enfrentan una gran crisis de desplazamientos humanos, personas migrantes que son tratadas como criminales cuando su \u00fanico anhelo es un sitio mejor, nadie deber\u00eda ser criminalizado por tener un poco de esperanza, lo que s\u00ed deber\u00edamos hacer es construir espacios seguros para disminuir el riesgo en esos desplazamientos donde mujeres y ni\u00f1xs sufren todo tipo de abusos, donde terceros se aprovechan de la necesidad para lucrar mediante la extorsi\u00f3n.&nbsp;<\/p>\n\n\n\n<p>La crisis migratoria es una realidad que enfrentamos de manera cercana, hoy una caravana de m\u00e1s de 5000 personas se desplaza desde Chiapas rumbo al norte, coincide con un pr\u00f3ximo encuentro entre las autoridades del pa\u00eds vecino y M\u00e9xico, donde Estados Unidos espera que se frene al flujo de migrantes, pero como bien declar\u00f3 nuestro Presidente, esa situaci\u00f3n requiere de una cooperaci\u00f3n profunda, donde no s\u00f3lo se frene a las personas, sino que se generen situaciones que impidan su necesidad de desplazamiento.&nbsp;<\/p>\n\n\n\n<p>Esta problem\u00e1tica tambi\u00e9n se vive de manera constante en Europa y actualmente por conflictos como el de Israel y Palestina, nadie a\u00f1ora dejar un hogar si no es por la ilusi\u00f3n de una vida mejor o en el caso de Palestina, por la necesidad de al menos conservar la vida. \u00bfC\u00f3mo podemos verdaderamente contribuir a resolver estas problem\u00e1ticas? Dejemos de ignorarlas e incluso de fortalecer las condiciones de explotaci\u00f3n al considerar a migrantes como mano de obra barata. La desigualdad creciente es tambi\u00e9n una causa de estos crecientes flujos de migraci\u00f3n pues las personas se mueven buscando nuevas oportunidades en las urbes.&nbsp;<\/p>\n\n\n\n<p>La inseguridad tambi\u00e9n es un reflejo de la necesidad, pues quienes viven en condiciones precarias son blanco f\u00e1cil de convencimiento para las filas del crimen organizado, es en estos puntos donde son urgentes verdaderos programas sociales que busquen brindar ayuda con an\u00e1lisis y no s\u00f3lo de maneras superficiales. No se trata de programas generales que se entreguen de manera similar considerando ciertos rangos de edad, sino de desarrollar proyectos que atiendan de fondo estas problem\u00e1ticas.&nbsp;<\/p>\n\n\n\n<p>Mientras tanto en v\u00edsperas de grandes celebraciones y acuerdos pol\u00edticos esperamos las autoridades dialoguen para ofrecer una mejor calidad de vida a quienes huyen de sus espacios por la creciente inseguridad y pobreza. Si tienes la dicha de tener hogar, salud y trabajo, comparte con quienes menos tienen y agradece por todas las bendiciones recibidas.&nbsp;<\/p>\n","protected":false},"excerpt":{"rendered":"<p>Columna de Opini\u00f3n Zaira Rosas Mientras escribo son v\u00edsperas de Navidad para algunas personas, otras tantas celebrar\u00e1n Januc\u00e1, algunas simplemente dejan pasar una fecha m\u00e1s en el calendario, pero sin duda diciembre es un mes de cierre, pues seamos creyentes en algo o no, se acerca el fin de a\u00f1o, esta es una temporada de [&hellip;]<\/p>\n","protected":false},"author":2476,"featured_media":387,"comment_status":"open","ping_status":"open","sticky":false,"template":"","format":"standard","meta":{"_jetpack_memberships_contains_paid_content":false,"footnotes":""},"categories":[11],"tags":[],"class_list":["post-48875","post","type-post","status-publish","format-standard","has-post-thumbnail","hentry","category-opinion"],"jetpack_featured_media_url":"https:\/\/encuentroinformativo.com.mx\/wp-content\/uploads\/2020\/03\/7CF8A22B-2764-47BE-8F7F-38FE9E5D6A2F.jpeg","jetpack_sharing_enabled":true,"jetpack_likes_enabled":true,"amp_enabled":true,"_links":{"self":[{"href":"https:\/\/encuentroinformativo.com.mx\/index.php?rest_route=\/wp\/v2\/posts\/48875","targetHints":{"allow":["GET"]}}],"collection":[{"href":"https:\/\/encuentroinformativo.com.mx\/index.php?rest_route=\/wp\/v2\/posts"}],"about":[{"href":"https:\/\/encuentroinformativo.com.mx\/index.php?rest_route=\/wp\/v2\/types\/post"}],"author":[{"embeddable":true,"href":"https:\/\/encuentroinformativo.com.mx\/index.php?rest_route=\/wp\/v2\/users\/2476"}],"replies":[{"embeddable":true,"href":"https:\/\/encuentroinformativo.com.mx\/index.php?rest_route=%2Fwp%2Fv2%2Fcomments&post=48875"}],"version-history":[{"count":1,"href":"https:\/\/encuentroinformativo.com.mx\/index.php?rest_route=\/wp\/v2\/posts\/48875\/revisions"}],"predecessor-version":[{"id":48876,"href":"https:\/\/encuentroinformativo.com.mx\/index.php?rest_route=\/wp\/v2\/posts\/48875\/revisions\/48876"}],"wp:featuredmedia":[{"embeddable":true,"href":"https:\/\/encuentroinformativo.com.mx\/index.php?rest_route=\/wp\/v2\/media\/387"}],"wp:attachment":[{"href":"https:\/\/encuentroinformativo.com.mx\/index.php?rest_route=%2Fwp%2Fv2%2Fmedia&parent=48875"}],"wp:term":[{"taxonomy":"category","embeddable":true,"href":"https:\/\/encuentroinformativo.com.mx\/index.php?rest_route=%2Fwp%2Fv2%2Fcategories&post=48875"},{"taxonomy":"post_tag","embeddable":true,"href":"https:\/\/encuentroinformativo.com.mx\/index.php?rest_route=%2Fwp%2Fv2%2Ftags&post=48875"}],"curies":[{"name":"wp","href":"https:\/\/api.w.org\/{rel}","templated":true}]}}