{"id":48877,"date":"2023-12-24T15:14:28","date_gmt":"2023-12-24T21:14:28","guid":{"rendered":"https:\/\/encuentroinformativo.com.mx\/?p=48877"},"modified":"2023-12-24T15:14:43","modified_gmt":"2023-12-24T21:14:43","slug":"comision-de-busqueda-confirmo-localizacion-de-joven-que-sigue-desaparecido","status":"publish","type":"post","link":"https:\/\/encuentroinformativo.com.mx\/?p=48877","title":{"rendered":"Comisi\u00f3n de b\u00fasqueda confirm\u00f3 localizaci\u00f3n de joven que sigue desaparecido"},"content":{"rendered":"\n<p><strong>Juan Arcos<\/strong><\/p>\n\n\n\n<p>Xalapa, Ver.- A pesar de que la Comisi\u00f3n Estatal de B\u00fasqueda de Veracruz confirm\u00f3 p\u00fablicamente la localizaci\u00f3n de Atreyu Garc\u00eda Arregu\u00edn, su madre Xaviera Arregu\u00edn se\u00f1al\u00f3 que el joven estudiante contin\u00faa en calidad de desaparecido en la regi\u00f3n capital del estado.<\/p>\n\n\n\n<p>La dependencia estatal mencionada emiti\u00f3 la ficha de b\u00fasqueda con una marca de agua roja donde se le\u00eda la leyenda \u201clocalizado\u201d; sin embargo, despu\u00e9s de unas horas, su mam\u00e1 public\u00f3 un mensaje en redes sociales donde indica que se hab\u00eda tergiversado informaci\u00f3n y que a\u00fan no hab\u00eda podido encontrarse con Atreyu.<\/p>\n\n\n\n<p>&#8220;Buenas noches, el d\u00eda de hoy se tergivers\u00f3 informaci\u00f3n, motivo por el cual me vi limitada a compartir informes, ya que eso interrumpe y confunde al sistema de b\u00fasqueda. Atreyu Garc\u00eda Arregu\u00edn a\u00fan no est\u00e1 conmigo\u201d, poste\u00f3 en Facebook.<\/p>\n\n\n\n<p>Xaviera confirm\u00f3 que fue localizada la zona por donde supuestamente se encuentra su hijo, pero aclar\u00f3 que solo ella informar\u00e1 cuando realmente tengan contacto con \u00e9l.<\/p>\n\n\n\n<p>&#8220;La \u00fanica autorizada para publicar si ya fue localizado, soy yo, cosa que har\u00e9 hasta tenerlo a mi lado. Agradezco infinitamente su apoyo, de verdad he recibido much\u00edsima ayuda y cari\u00f1o de todos ustedes\u201d, es otra parte de su mensaje.<\/p>\n\n\n\n<p>Atreyu, de 19 a\u00f1os, es estudiante del Instituto Tecnol\u00f3gico Superior de Xalapa (ITSX), se dedicaba a pasear perros en sus ratos libres y desapareci\u00f3 el pasado 18 de diciembre.<\/p>\n\n\n\n<p>Su padre David Garc\u00eda indic\u00f3 que el joven sali\u00f3 de campamento el pasado martes de Teocelo con direcci\u00f3n a la zona ecotur\u00edstica Jalcomulco, pero despu\u00e9s de eso se perdi\u00f3 la comunicaci\u00f3n con \u00e9l.<\/p>\n\n\n\n<p>La Comisi\u00f3n Estatal de B\u00fasqueda de Veracruz difundi\u00f3 la ficha 23\/SB2019U-23ZC, con la fotograf\u00eda y las se\u00f1as particulares de Atreyu, para su b\u00fasqueda y localizaci\u00f3n.<\/p>\n\n\n\n<p>Alrededor de las 12:30 horas de este domingo 24 de diciembre, el padre de Atreyu revel\u00f3 que el joven apareci\u00f3 y agradeci\u00f3 a todas las personas que se sumaron a su b\u00fasqueda.<\/p>\n","protected":false},"excerpt":{"rendered":"<p>Juan Arcos Xalapa, Ver.- A pesar de que la Comisi\u00f3n Estatal de B\u00fasqueda de Veracruz confirm\u00f3 p\u00fablicamente la localizaci\u00f3n de Atreyu Garc\u00eda Arregu\u00edn, su madre Xaviera Arregu\u00edn se\u00f1al\u00f3 que el joven estudiante contin\u00faa en calidad de desaparecido en la regi\u00f3n capital del estado. La dependencia estatal mencionada emiti\u00f3 la ficha de b\u00fasqueda con una marca [&hellip;]<\/p>\n","protected":false},"author":2476,"featured_media":48878,"comment_status":"open","ping_status":"open","sticky":false,"template":"","format":"standard","meta":{"_jetpack_memberships_contains_paid_content":false,"footnotes":""},"categories":[8],"tags":[],"class_list":["post-48877","post","type-post","status-publish","format-standard","has-post-thumbnail","hentry","category-region"],"jetpack_featured_media_url":"https:\/\/encuentroinformativo.com.mx\/wp-content\/uploads\/2023\/12\/IMG_4178.jpg","jetpack_sharing_enabled":true,"jetpack_likes_enabled":true,"amp_enabled":true,"_links":{"self":[{"href":"https:\/\/encuentroinformativo.com.mx\/index.php?rest_route=\/wp\/v2\/posts\/48877","targetHints":{"allow":["GET"]}}],"collection":[{"href":"https:\/\/encuentroinformativo.com.mx\/index.php?rest_route=\/wp\/v2\/posts"}],"about":[{"href":"https:\/\/encuentroinformativo.com.mx\/index.php?rest_route=\/wp\/v2\/types\/post"}],"author":[{"embeddable":true,"href":"https:\/\/encuentroinformativo.com.mx\/index.php?rest_route=\/wp\/v2\/users\/2476"}],"replies":[{"embeddable":true,"href":"https:\/\/encuentroinformativo.com.mx\/index.php?rest_route=%2Fwp%2Fv2%2Fcomments&post=48877"}],"version-history":[{"count":1,"href":"https:\/\/encuentroinformativo.com.mx\/index.php?rest_route=\/wp\/v2\/posts\/48877\/revisions"}],"predecessor-version":[{"id":48879,"href":"https:\/\/encuentroinformativo.com.mx\/index.php?rest_route=\/wp\/v2\/posts\/48877\/revisions\/48879"}],"wp:featuredmedia":[{"embeddable":true,"href":"https:\/\/encuentroinformativo.com.mx\/index.php?rest_route=\/wp\/v2\/media\/48878"}],"wp:attachment":[{"href":"https:\/\/encuentroinformativo.com.mx\/index.php?rest_route=%2Fwp%2Fv2%2Fmedia&parent=48877"}],"wp:term":[{"taxonomy":"category","embeddable":true,"href":"https:\/\/encuentroinformativo.com.mx\/index.php?rest_route=%2Fwp%2Fv2%2Fcategories&post=48877"},{"taxonomy":"post_tag","embeddable":true,"href":"https:\/\/encuentroinformativo.com.mx\/index.php?rest_route=%2Fwp%2Fv2%2Ftags&post=48877"}],"curies":[{"name":"wp","href":"https:\/\/api.w.org\/{rel}","templated":true}]}}