{"id":48889,"date":"2023-12-25T14:22:10","date_gmt":"2023-12-25T20:22:10","guid":{"rendered":"https:\/\/encuentroinformativo.com.mx\/?p=48889"},"modified":"2023-12-25T14:22:14","modified_gmt":"2023-12-25T20:22:14","slug":"migrantes-padecen-de-discriminacion-a-su-paso-por-mexico","status":"publish","type":"post","link":"https:\/\/encuentroinformativo.com.mx\/?p=48889","title":{"rendered":"Migrantes padecen de discriminaci\u00f3n a su paso por M\u00e9xico"},"content":{"rendered":"\n<p><strong>Juan Arcos <\/strong><\/p>\n\n\n\n<p>Xalapa, Ver.- El 28.8 por ciento de la poblaci\u00f3n migrante en M\u00e9xico manifest\u00f3 haber sido discriminada por lo menos una vez en un lapso de 12 meses.<\/p>\n\n\n\n<p>Esto lo da a conocer la Encuesta Nacional sobre Discriminaci\u00f3n de 2022. El 56.4 por ciento de esta poblaci\u00f3n consider\u00f3 que sus derechos no son respetado. Veracruz es uno de los estados donde es notorio el flujo migratorio.<\/p>\n\n\n\n<p>La Organizaci\u00f3n Internacional para las Migraciones (OIM \/ ONU Migraci\u00f3n) una nueva campa\u00f1a, \u201cHilos que nos unen, historias m\u00e1s all\u00e1 de las fronteras\u201d que se lanz\u00f3 en el marco del D\u00eda Internacional de la Persona Migrante en la Secretar\u00eda de Relaciones Exteriores (SRE).<\/p>\n\n\n\n<p>Se busca generar cambios de comportamiento positivos en M\u00e9xico que ayuden a eliminar la xenofobia, la discriminaci\u00f3n y la aporofobia hacia personas migrantes que se encuentran en este pa\u00eds.\u00a0<\/p>\n\n\n\n<p>La evidencia confirma que la discriminaci\u00f3n y la xenofobia contra las personas migrantes en M\u00e9xico es un problema serio que se reproduce a trav\u00e9s de m\u00faltiples pr\u00e1cticas que van desde la violencia verbal, discriminaci\u00f3n en acceso a servicios, oportunidades de integraci\u00f3n socioecon\u00f3mica, discriminaci\u00f3n institucional hasta la violencia f\u00edsica.<\/p>\n\n\n\n<p>El 21 por ciento de las personas encuestadas declar\u00f3 haber sido v\u00edctima de violencia verbal, cifra resultante de la l\u00ednea base elaborada por OIM.\u00a0<\/p>\n\n\n\n<p>En 2023, la OIM realiz\u00f3 una investigaci\u00f3n en Monterrey, Oaxaca y Puebla para recopilar evidencia que permitiera adaptar Hilos que nos unen a contextos locales, por lo que se realizaron 674 entrevistas, 9 grupos focales y 8 entrevistas a profundidad con personas expertas en migraci\u00f3n.<\/p>\n\n\n\n<p>Los resultados del estudio base mostraron que 7 de cada 10 personas en estas ciudades, han sido discriminadas al menos una vez. Las principales causas son no tener dinero, su aspecto y el color de su piel. Solo 4 de cada 10 personas saben que significa la palabra xenofobia, y solo 6 de cada 10 saben qu\u00e9 significa la palabra discriminar, por lo que aqu\u00ed inicia el cambio de comportamiento.\u00a0<\/p>\n","protected":false},"excerpt":{"rendered":"<p>Juan Arcos Xalapa, Ver.- El 28.8 por ciento de la poblaci\u00f3n migrante en M\u00e9xico manifest\u00f3 haber sido discriminada por lo menos una vez en un lapso de 12 meses. Esto lo da a conocer la Encuesta Nacional sobre Discriminaci\u00f3n de 2022. El 56.4 por ciento de esta poblaci\u00f3n consider\u00f3 que sus derechos no son respetado. [&hellip;]<\/p>\n","protected":false},"author":2476,"featured_media":48890,"comment_status":"open","ping_status":"open","sticky":false,"template":"","format":"standard","meta":{"_jetpack_memberships_contains_paid_content":false,"footnotes":""},"categories":[2],"tags":[],"class_list":["post-48889","post","type-post","status-publish","format-standard","has-post-thumbnail","hentry","category-estado"],"jetpack_featured_media_url":"https:\/\/encuentroinformativo.com.mx\/wp-content\/uploads\/2023\/12\/722f4f48-8bfa-4d50-bd05-77937db48216.jpg","jetpack_sharing_enabled":true,"jetpack_likes_enabled":true,"amp_enabled":true,"_links":{"self":[{"href":"https:\/\/encuentroinformativo.com.mx\/index.php?rest_route=\/wp\/v2\/posts\/48889","targetHints":{"allow":["GET"]}}],"collection":[{"href":"https:\/\/encuentroinformativo.com.mx\/index.php?rest_route=\/wp\/v2\/posts"}],"about":[{"href":"https:\/\/encuentroinformativo.com.mx\/index.php?rest_route=\/wp\/v2\/types\/post"}],"author":[{"embeddable":true,"href":"https:\/\/encuentroinformativo.com.mx\/index.php?rest_route=\/wp\/v2\/users\/2476"}],"replies":[{"embeddable":true,"href":"https:\/\/encuentroinformativo.com.mx\/index.php?rest_route=%2Fwp%2Fv2%2Fcomments&post=48889"}],"version-history":[{"count":1,"href":"https:\/\/encuentroinformativo.com.mx\/index.php?rest_route=\/wp\/v2\/posts\/48889\/revisions"}],"predecessor-version":[{"id":48891,"href":"https:\/\/encuentroinformativo.com.mx\/index.php?rest_route=\/wp\/v2\/posts\/48889\/revisions\/48891"}],"wp:featuredmedia":[{"embeddable":true,"href":"https:\/\/encuentroinformativo.com.mx\/index.php?rest_route=\/wp\/v2\/media\/48890"}],"wp:attachment":[{"href":"https:\/\/encuentroinformativo.com.mx\/index.php?rest_route=%2Fwp%2Fv2%2Fmedia&parent=48889"}],"wp:term":[{"taxonomy":"category","embeddable":true,"href":"https:\/\/encuentroinformativo.com.mx\/index.php?rest_route=%2Fwp%2Fv2%2Fcategories&post=48889"},{"taxonomy":"post_tag","embeddable":true,"href":"https:\/\/encuentroinformativo.com.mx\/index.php?rest_route=%2Fwp%2Fv2%2Ftags&post=48889"}],"curies":[{"name":"wp","href":"https:\/\/api.w.org\/{rel}","templated":true}]}}