{"id":4889,"date":"2020-08-14T07:06:03","date_gmt":"2020-08-14T12:06:03","guid":{"rendered":"https:\/\/encuentroinformativo.com\/?p=4889"},"modified":"2020-08-14T01:11:59","modified_gmt":"2020-08-14T06:11:59","slug":"winckler-si-retornara-a-la-fiscalia","status":"publish","type":"post","link":"https:\/\/encuentroinformativo.com.mx\/?p=4889","title":{"rendered":"WINCKLER S\u00cd RETORNAR\u00c1 A LA FISCAL\u00cdA"},"content":{"rendered":"\n<p><strong>+ Mina estar\u00eda bajando en Coronavirus.<br>+ Rescatan a &#8220;artisto&#8221; de Televisa.<br>+ Roc\u00edo Nahle, con Covid19.<br><br><em>Ya vayan canonizando a Carlos Slim, porfa.<br>&#8211;Chopenjawer<\/em><br><\/strong><br>Si al ex poderoso fiscal impuesto por el entonces gobernador Miguel \u00c1ngel Yunes Linares le asistiera la raz\u00f3n y la justicia como tanto se pregona, seguramente ya lo ver\u00edamos muy sacalepunta en las calles de Veracruz o trepado en &#8220;la-ancha&#8221; all\u00e1 por El Estero.<\/p>\n\n\n\n<p>Pero no: Jorge Winckler est\u00e1 pr\u00f3fugo de la justicia desde ese d\u00eda que lo corrieron de la Fiscal\u00eda General del Estado y se tuvo que exiliar, esconder, porque entendi\u00f3 a la mala el mensaje de que ya no era requerido en los nuevos tiempos, como as\u00ed le pas\u00f3 a su antecesor Luis \u00c1ngel Bravo, a quien lo apretaron para sacarlo de la FGE y meter uno a modo del yunato.<\/p>\n\n\n\n<p>Winckler no va a regresar a encabezar la Fiscal\u00eda pese a la ola de amparos que ha interpuesto, comenta en entrevista para el portal Versiones el reconocido abogado penalista Jorge Reyes Peralta, el litigante que conoce a detalle el caso del exfiscal, pues es quien incluso lo llev\u00f3 a juicio pol\u00edtico.<\/p>\n\n\n\n<p>Explica que el abogado cercano a la familia Yunes lleva promovidos 28 juicios de amparo indirecto; en esos ha solicitado suspensi\u00f3n provisional y definitiva en todos; \u00fanicamente se le concede en el primero, en el cual se ampara para que la reforma constitucional publicada el 20 de noviembre de 2018 no le afectara.<\/p>\n\n\n\n<p>Expone: &#8220;\u00c9sta se refiere a una reforma que entr\u00f3 en vigor en diciembre de 2018, ya que cuando se cre\u00f3 la figura de fiscal general del estado en Veracruz, se le olvid\u00f3 a los legisladores que en la Constituci\u00f3n faltaba un p\u00e1rrafo que dijera que el Congreso lo pod\u00eda remover; eso fue lo que inspir\u00f3 la reforma; entonces, como el fiscal ya estaba en funciones cuando se reform\u00f3 eso, \u00e9l promovi\u00f3 un juicio de amparo.&#8221;<\/p>\n\n\n\n<p>Lo anterior, porque el entonces candidato y luego gobernador constitucional, Cuitl\u00e1huac Garc\u00eda Jim\u00e9nez, ya hab\u00eda advertido que al primero que iba a correr era a Winckler. Fue as\u00ed que ante la jueza primero de distrito, argument\u00f3 que \u00e9l no pod\u00eda ser removido porque fue elegido antes de la reforma, y se le concedi\u00f3 la raz\u00f3n: le dio la suspensi\u00f3n provisional y la definitiva<\/p>\n\n\n\n<p>No obstante, la jueza dej\u00f3 abiertas otras instancias en que s\u00ed pod\u00eda ser removido, como el juicio pol\u00edtico, el juicio de procedencia.<\/p>\n\n\n\n<p>Reyes Peralta detalla que el pr\u00f3fugo de la justicia tambi\u00e9n comenz\u00f3 con los dem\u00e1s amparos por diversas razones: porque en septiembre lo depusieron, porque hubo un proceso de selecci\u00f3n y eligieron una nueva fiscal; porque hay \u00f3rdenes de aprehensi\u00f3n.<\/p>\n\n\n\n<p>&#8220;Incluso se ha amparado contra Jorge Reyes Peralta como particular&#8221;, subraya.<\/p>\n\n\n\n<p>Y es m\u00e1s claro con el tema de sus supuestos amparos: &#8220;Su abogado nos dice mentiras porque no hay sola una sola suspensi\u00f3n que haya tenido Jorge Winckler. Si hubiera tenido una sola suspensi\u00f3n, ni lo hubieran separado del cargo en septiembre del a\u00f1o pasado ni hubieran elegido fiscal actualmente&#8221;.<\/p>\n\n\n\n<p>&#8220;\u00c9l (Winckler) se ampara, se ampara y se ampara, pero ojo: no tienen ninguna suspensi\u00f3n ni nada limitado; ni el congreso ha violado ninguna suspensi\u00f3n para elegir a quien ocupa la Fiscal\u00eda General del Estado&#8221;, sentencia.<\/p>\n\n\n\n<p>El mismo exfiscal se entramp\u00f3 s\u00f3lo con sus mismos amparos y argucias legales, de acuerdo con el abogado penalista: &#8220;esos juicio de amparo, pues un d\u00eda se van resolver; y no se han resuelto por la simple y sencilla raz\u00f3n que como es un tramposo Jorge Winckler, \u00e9l siempre juega con trampas, y entonces se entramp\u00f3 solo: en la gran mayor\u00eda de los juicios de amparo nombra como terceros interesados a los 212 ayuntamientos, a cada uno de los diputados del congreso, a los 212 s\u00edndicos de los ayuntamientos, y no s\u00e9 cu\u00e1ntos miles sean de ediles, pero nombra a todos los regidores. O sea, para que puedan estar todas las partes emplazadas en esos juicios de amparo, en la gran mayor\u00eda tendr\u00edan que ser notificados todos y cay\u00f3 en su propia trampa Winckler.&#8221;<\/p>\n\n\n\n<p>Adem\u00e1s, da otro argumento de peso en el caso hipot\u00e9tico de que el exfiscal pr\u00f3fugo de la justicia tuviera la suerte de ser beneficiado por los dict\u00e1menes de la justicia.<\/p>\n\n\n\n<p>&#8220;Vamos a suponer que efectivamente \u00e9l, como dice su abogado, va a ganar los amparos de fondo; va a pasar por todos los recursos, llegara hasta la Suprema Corte y vamos a suponer que lo gane; van a decir \u2018fuiste ilegalmente separado, ejecuten ese amparo\u2019, pero cuando llegue al Congreso va a ser de imposible ejecuci\u00f3n; van a decir: \u2018ya lo separamos, tenemos una fiscal electa constitucionalmente y c\u00f3mo vamos a deshacer el procedimiento constitucional, donde por mayor\u00eda calificada ya fue electa una persona donde convocamos, vinieron los aspirantes, los examinamos p\u00fablicamente, entonces no podemos ejecutar esa sentencia de amparo.&#8221;\u2028\u2028Concluye Reyes Peralta que Winckler no va a regresar, jam\u00e1s llegar\u00e1 a la Fiscal\u00eda.<\/p>\n\n\n\n<p>&#8220;Va a llegar, pero detenido, para ser puesto disposici\u00f3n de los jueces que lo buscan porque dice tambi\u00e9n que ya gan\u00f3 un amparo para efectos contra una orden de aprehensi\u00f3n.&#8221;\u2028\u2028Ah\u00ed lo esperan en la Fiscal\u00eda, a ver si es tan machito.<\/p>\n\n\n\n<p><strong>NOTA PARA PEGAR EN EL REFRI:<\/strong>&nbsp;Reporte desde Minaranch indican que al menos en el Hospital de Pemex ya no se han visto contagios ni muertes por Covid19 en la \u00faltima semana. Ya hasta los petroleros en cl\u00e1usula andan temerosos de que se les acaben las vacaciones pagadas que tienen desde hace rato.&nbsp;<\/p>\n\n\n\n<p><strong>OTRA NOTA:<\/strong><a href=\"outlook-data-detector:\/\/1\">Este jueves<\/a>&nbsp;fue secuestrado un &#8220;artisto&#8221; de Televisa llamado Albert Ch\u00e1vez, all\u00e1 por el rumbo de Oluta (cerca de Acayucan, donde dicen que naci\u00f3 la Malinche y la memela), quien finalmente fue rescatado por la Polic\u00eda Estatal de la cajuela de un autom\u00f3vil Nissan Versa, sin placas y en aparente abandono, en la localidad San Manuel, perteneciente al municipio de Hueyapan de Ocampo; al inspeccionar la unidad, lo hallaron atado de pies y manos.<\/p>\n\n\n\n<p><strong>LA \u00daLTIMA PORQUE YA ES VIEEEERNEEES:&nbsp;<\/strong>Que la titular de la Secretar\u00eda de Energ\u00eda, Roc\u00edo Nahle Garc\u00eda, dio positivo al Covid-19 tras el contacto que tuvo con una persona que present\u00f3 este padecimiento durante una de sus visitas a los trabajos de la nueva refiner\u00eda de Dos Bocas, en Tabasco. Por cierto, el estado natal del presidente es uno de los m\u00e1s afectados por Coronavirus; incluso tiene m\u00e1s infectados que el estado de Veracruz, que tiene 8 millones y pelos de habitantes, mientras que Tabasco apenas alcanza 2 millones y medio de peludos.<\/p>\n","protected":false},"excerpt":{"rendered":"<p>+ Mina estar\u00eda bajando en Coronavirus.+ Rescatan a &#8220;artisto&#8221; de Televisa.+ Roc\u00edo Nahle, con Covid19. Ya vayan canonizando a Carlos Slim, porfa.&#8211;ChopenjawerSi al ex poderoso fiscal impuesto por el entonces gobernador Miguel \u00c1ngel Yunes Linares le asistiera la raz\u00f3n y la justicia como tanto se pregona, seguramente ya lo ver\u00edamos muy sacalepunta en las calles [&hellip;]<\/p>\n","protected":false},"author":1,"featured_media":488,"comment_status":"open","ping_status":"open","sticky":false,"template":"","format":"standard","meta":{"_jetpack_memberships_contains_paid_content":false,"footnotes":""},"categories":[11],"tags":[],"class_list":["post-4889","post","type-post","status-publish","format-standard","has-post-thumbnail","hentry","category-opinion"],"jetpack_featured_media_url":"https:\/\/encuentroinformativo.com.mx\/wp-content\/uploads\/2020\/03\/F471F608-BA1A-416B-BA7B-BCFB24F4E6D0.jpeg","jetpack_sharing_enabled":true,"jetpack_likes_enabled":true,"amp_enabled":true,"_links":{"self":[{"href":"https:\/\/encuentroinformativo.com.mx\/index.php?rest_route=\/wp\/v2\/posts\/4889","targetHints":{"allow":["GET"]}}],"collection":[{"href":"https:\/\/encuentroinformativo.com.mx\/index.php?rest_route=\/wp\/v2\/posts"}],"about":[{"href":"https:\/\/encuentroinformativo.com.mx\/index.php?rest_route=\/wp\/v2\/types\/post"}],"author":[{"embeddable":true,"href":"https:\/\/encuentroinformativo.com.mx\/index.php?rest_route=\/wp\/v2\/users\/1"}],"replies":[{"embeddable":true,"href":"https:\/\/encuentroinformativo.com.mx\/index.php?rest_route=%2Fwp%2Fv2%2Fcomments&post=4889"}],"version-history":[{"count":1,"href":"https:\/\/encuentroinformativo.com.mx\/index.php?rest_route=\/wp\/v2\/posts\/4889\/revisions"}],"predecessor-version":[{"id":4890,"href":"https:\/\/encuentroinformativo.com.mx\/index.php?rest_route=\/wp\/v2\/posts\/4889\/revisions\/4890"}],"wp:featuredmedia":[{"embeddable":true,"href":"https:\/\/encuentroinformativo.com.mx\/index.php?rest_route=\/wp\/v2\/media\/488"}],"wp:attachment":[{"href":"https:\/\/encuentroinformativo.com.mx\/index.php?rest_route=%2Fwp%2Fv2%2Fmedia&parent=4889"}],"wp:term":[{"taxonomy":"category","embeddable":true,"href":"https:\/\/encuentroinformativo.com.mx\/index.php?rest_route=%2Fwp%2Fv2%2Fcategories&post=4889"},{"taxonomy":"post_tag","embeddable":true,"href":"https:\/\/encuentroinformativo.com.mx\/index.php?rest_route=%2Fwp%2Fv2%2Ftags&post=4889"}],"curies":[{"name":"wp","href":"https:\/\/api.w.org\/{rel}","templated":true}]}}