{"id":48896,"date":"2023-12-26T12:25:08","date_gmt":"2023-12-26T18:25:08","guid":{"rendered":"https:\/\/encuentroinformativo.com.mx\/?p=48896"},"modified":"2023-12-26T12:25:12","modified_gmt":"2023-12-26T18:25:12","slug":"se-cumplira-remediacion-de-las-matas-segun-sedema","status":"publish","type":"post","link":"https:\/\/encuentroinformativo.com.mx\/?p=48896","title":{"rendered":"Se cumplir\u00e1  remediaci\u00f3n de Las Matas, seg\u00fan SEDEMA"},"content":{"rendered":"\n<p><strong>Dar\u00edo Pale <\/strong><\/p>\n\n\n\n<p>Xalapa, Ver.- Se cumplir\u00e1 promesa de campa\u00f1a en Las Matas, la remediaci\u00f3n se concluir\u00e1 en primeros meses de 2024, as\u00ed lo dio a conocer el secretario de Medio Ambiente del Estado, Juan Carlos Contreras Bautista.<\/p>\n\n\n\n<p>En entrevista se\u00f1al\u00f3 que, aunque fue una promesa de campa\u00f1a y no se ha logrado concretar en cinco a\u00f1os de administraci\u00f3n,\u00a0 asegur\u00f3 que en 2024 quedar\u00e1 solucionado el problema del tiradero de Las Matas, en el sur de Veracruz.<\/p>\n\n\n\n<p>Reconoci\u00f3 que el proyecto tuvo que ser modificado, pero sigue en pie.<\/p>\n\n\n\n<p>&#8220;El proyecto final es la clausura de Las Matas, un tiradero en un humedal que llevaba 40 a\u00f1os contaminando las aguas&#8221;, se\u00f1al\u00f3.<\/p>\n\n\n\n<p>&#8220;Ese proyecto sigue en pie, lleva el 85 por ciento de saneamiento y ahora en vez de un relleno sanitario, ser\u00e1n tres rellenos por cada municipio&#8221;, coment\u00f3.<\/p>\n\n\n\n<p>El funcionario expuso que dichos rellenos sanitarios tendr\u00e1n recursos tripartitas.<br>Admiti\u00f3 que aunque fue una promesa de campa\u00f1a apenas hace a\u00f1o y medio que comenzaron a trabajar en este.<\/p>\n\n\n\n<p>Finalmente coment\u00f3 que, &#8220;y ese problema lleva 40 a\u00f1os, se va a cumplir, la meta es que se cumpla en los tres primeros meses del 2024&#8221;.<\/p>\n","protected":false},"excerpt":{"rendered":"<p>Dar\u00edo Pale Xalapa, Ver.- Se cumplir\u00e1 promesa de campa\u00f1a en Las Matas, la remediaci\u00f3n se concluir\u00e1 en primeros meses de 2024, as\u00ed lo dio a conocer el secretario de Medio Ambiente del Estado, Juan Carlos Contreras Bautista. En entrevista se\u00f1al\u00f3 que, aunque fue una promesa de campa\u00f1a y no se ha logrado concretar en cinco [&hellip;]<\/p>\n","protected":false},"author":2476,"featured_media":48897,"comment_status":"open","ping_status":"open","sticky":false,"template":"","format":"standard","meta":{"_jetpack_memberships_contains_paid_content":false,"footnotes":""},"categories":[2],"tags":[],"class_list":["post-48896","post","type-post","status-publish","format-standard","has-post-thumbnail","hentry","category-estado"],"jetpack_featured_media_url":"https:\/\/encuentroinformativo.com.mx\/wp-content\/uploads\/2023\/12\/IMG-20231226-WA0016.jpg","jetpack_sharing_enabled":true,"jetpack_likes_enabled":true,"amp_enabled":true,"_links":{"self":[{"href":"https:\/\/encuentroinformativo.com.mx\/index.php?rest_route=\/wp\/v2\/posts\/48896","targetHints":{"allow":["GET"]}}],"collection":[{"href":"https:\/\/encuentroinformativo.com.mx\/index.php?rest_route=\/wp\/v2\/posts"}],"about":[{"href":"https:\/\/encuentroinformativo.com.mx\/index.php?rest_route=\/wp\/v2\/types\/post"}],"author":[{"embeddable":true,"href":"https:\/\/encuentroinformativo.com.mx\/index.php?rest_route=\/wp\/v2\/users\/2476"}],"replies":[{"embeddable":true,"href":"https:\/\/encuentroinformativo.com.mx\/index.php?rest_route=%2Fwp%2Fv2%2Fcomments&post=48896"}],"version-history":[{"count":1,"href":"https:\/\/encuentroinformativo.com.mx\/index.php?rest_route=\/wp\/v2\/posts\/48896\/revisions"}],"predecessor-version":[{"id":48898,"href":"https:\/\/encuentroinformativo.com.mx\/index.php?rest_route=\/wp\/v2\/posts\/48896\/revisions\/48898"}],"wp:featuredmedia":[{"embeddable":true,"href":"https:\/\/encuentroinformativo.com.mx\/index.php?rest_route=\/wp\/v2\/media\/48897"}],"wp:attachment":[{"href":"https:\/\/encuentroinformativo.com.mx\/index.php?rest_route=%2Fwp%2Fv2%2Fmedia&parent=48896"}],"wp:term":[{"taxonomy":"category","embeddable":true,"href":"https:\/\/encuentroinformativo.com.mx\/index.php?rest_route=%2Fwp%2Fv2%2Fcategories&post=48896"},{"taxonomy":"post_tag","embeddable":true,"href":"https:\/\/encuentroinformativo.com.mx\/index.php?rest_route=%2Fwp%2Fv2%2Ftags&post=48896"}],"curies":[{"name":"wp","href":"https:\/\/api.w.org\/{rel}","templated":true}]}}