{"id":48906,"date":"2023-12-27T13:49:00","date_gmt":"2023-12-27T19:49:00","guid":{"rendered":"https:\/\/encuentroinformativo.com.mx\/?p=48906"},"modified":"2023-12-27T13:49:07","modified_gmt":"2023-12-27T19:49:07","slug":"se-registro-segunda-nevada-en-cofre-de-perote","status":"publish","type":"post","link":"https:\/\/encuentroinformativo.com.mx\/?p=48906","title":{"rendered":"Se registr\u00f3 segunda nevada en Cofre de Perote"},"content":{"rendered":"\n<p><strong>Juan Arcos <\/strong><\/p>\n\n\n\n<p>Xalapa, Ver.- Este mi\u00e9rcoles cay\u00f3 la segunda nevada de la temporada 2023-2024 en la cima del Cofre de Perote, reportaron meteor\u00f3logos de la Comisi\u00f3n Nacional del Agua (Conagua).<\/p>\n\n\n\n<p>Durante los \u00faltimos d\u00edas han predominado las bajas temperaturas en la entidad veracruzana, sobre todo en las zonas de monta\u00f1a.<\/p>\n\n\n\n<p>El ayuntamiento de Perote tambi\u00e9n indic\u00f3 que hay reporte sobre la ca\u00edda ligera de nieve por arriba de los 3 mil 800 metros sobre el nivel del mar.<\/p>\n\n\n\n<p>Las autoridades locales alertaron que hay condiciones desfavorables para el ingreso a la zona dadas las condiciones del terreno y del tiempo por la presencia del Frente Fr\u00edo n\u00famero 19 y el Aviso Especial activo.<\/p>\n\n\n\n<p>\u201cA la poblaci\u00f3n se recomienda atender a las indicaciones de las autoridades locales. Se reportan condiciones desfavorables en la zona\u201d, se lee en un post del ayuntamiento de Perote en Facebook.<\/p>\n\n\n\n<p>La Secretar\u00eda de Protecci\u00f3n Civil (PC) inform\u00f3 que durante este mi\u00e9rcoles 27 de diciembre predominar\u00e1 el cielo nublado, aumentando el potencial para lluvias y lloviznas, as\u00ed como nieblas en zonas de monta\u00f1a.<\/p>\n\n\n\n<p>Tambi\u00e9n se prev\u00e9 el descenso de la temperatura y contin\u00faa la posibilidad de ca\u00edda de aguanieve o nieve en partes altas del Pico de Orizaba y Cofre de Perote.<\/p>\n\n\n\n<p>Por tales condiciones se recomienda extremar precauciones, consultar el Aviso Especial y acatar las indicaciones de las autoridades de protecci\u00f3n civil.<\/p>\n\n\n\n<p>\u201cPara hoy esperamos aumento en el potencial para lluvia, este potencial estar\u00e1 presente hasta el d\u00eda s\u00e1bado, esto debido a que nuevos aportes de aire fr\u00edo Tuxpan llegaran al golfo de M\u00e9xico, para reactivar al frente fr\u00edo n\u00famero 19, que se localiza como estacionario al suroeste del mismo Golfo, \u00e9ste a su vez se combina en altura con la corriente en chorro, por lo que se prev\u00e9 cielo nublado a medio nublado. As\u00ed mismo dicha masa de aire fr\u00edo provocar\u00e1 descenso de la temperatura a partir de hoy gradualmente hacia el s\u00e1bado\u201d, se lee en la sinopsis meteorol\u00f3gica.<\/p>\n\n\n\n<p>Cabe recordar que el pasado 23 de noviembre, se registr\u00f3 la primera nevada en el Cofre de Perote, previo a la temporada invernal 2023-2024, en la zona central monta\u00f1osa del estado de Veracruz.<\/p>\n","protected":false},"excerpt":{"rendered":"<p>Juan Arcos Xalapa, Ver.- Este mi\u00e9rcoles cay\u00f3 la segunda nevada de la temporada 2023-2024 en la cima del Cofre de Perote, reportaron meteor\u00f3logos de la Comisi\u00f3n Nacional del Agua (Conagua). Durante los \u00faltimos d\u00edas han predominado las bajas temperaturas en la entidad veracruzana, sobre todo en las zonas de monta\u00f1a. El ayuntamiento de Perote tambi\u00e9n [&hellip;]<\/p>\n","protected":false},"author":2476,"featured_media":48907,"comment_status":"open","ping_status":"open","sticky":false,"template":"","format":"standard","meta":{"_jetpack_memberships_contains_paid_content":false,"footnotes":""},"categories":[8],"tags":[],"class_list":["post-48906","post","type-post","status-publish","format-standard","has-post-thumbnail","hentry","category-region"],"jetpack_featured_media_url":"https:\/\/encuentroinformativo.com.mx\/wp-content\/uploads\/2023\/12\/IMG_4413.jpg","jetpack_sharing_enabled":true,"jetpack_likes_enabled":true,"amp_enabled":true,"_links":{"self":[{"href":"https:\/\/encuentroinformativo.com.mx\/index.php?rest_route=\/wp\/v2\/posts\/48906","targetHints":{"allow":["GET"]}}],"collection":[{"href":"https:\/\/encuentroinformativo.com.mx\/index.php?rest_route=\/wp\/v2\/posts"}],"about":[{"href":"https:\/\/encuentroinformativo.com.mx\/index.php?rest_route=\/wp\/v2\/types\/post"}],"author":[{"embeddable":true,"href":"https:\/\/encuentroinformativo.com.mx\/index.php?rest_route=\/wp\/v2\/users\/2476"}],"replies":[{"embeddable":true,"href":"https:\/\/encuentroinformativo.com.mx\/index.php?rest_route=%2Fwp%2Fv2%2Fcomments&post=48906"}],"version-history":[{"count":1,"href":"https:\/\/encuentroinformativo.com.mx\/index.php?rest_route=\/wp\/v2\/posts\/48906\/revisions"}],"predecessor-version":[{"id":48908,"href":"https:\/\/encuentroinformativo.com.mx\/index.php?rest_route=\/wp\/v2\/posts\/48906\/revisions\/48908"}],"wp:featuredmedia":[{"embeddable":true,"href":"https:\/\/encuentroinformativo.com.mx\/index.php?rest_route=\/wp\/v2\/media\/48907"}],"wp:attachment":[{"href":"https:\/\/encuentroinformativo.com.mx\/index.php?rest_route=%2Fwp%2Fv2%2Fmedia&parent=48906"}],"wp:term":[{"taxonomy":"category","embeddable":true,"href":"https:\/\/encuentroinformativo.com.mx\/index.php?rest_route=%2Fwp%2Fv2%2Fcategories&post=48906"},{"taxonomy":"post_tag","embeddable":true,"href":"https:\/\/encuentroinformativo.com.mx\/index.php?rest_route=%2Fwp%2Fv2%2Ftags&post=48906"}],"curies":[{"name":"wp","href":"https:\/\/api.w.org\/{rel}","templated":true}]}}