{"id":48912,"date":"2023-12-27T15:37:11","date_gmt":"2023-12-27T21:37:11","guid":{"rendered":"https:\/\/encuentroinformativo.com.mx\/?p=48912"},"modified":"2023-12-27T15:37:11","modified_gmt":"2023-12-27T21:37:11","slug":"llaman-panistas-a-evitar-divisiones-al-interior","status":"publish","type":"post","link":"https:\/\/encuentroinformativo.com.mx\/?p=48912","title":{"rendered":"Llaman panistas a evitar divisiones al interior"},"content":{"rendered":"\n<p><strong>Dar\u00edo Pale <\/strong><\/p>\n\n\n\n<p>Xalapa, Ver.- Con la finalidad de que quien represente la alianza con el PRI y el PRD rumbo a las elecciones para la gubernatura de 2024 el exdirigente estatal del PAN, Joaqu\u00edn Rosendo Guzm\u00e1n Avil\u00e9s, hizo p\u00fablico su apoyo a Jos\u00e9 Francisco Yunes Zorrilla.<\/p>\n\n\n\n<p>En conferencia de prensa, pidi\u00f3 a los panistas dejar de lado las divisiones e ideolog\u00edas pol\u00edticas para lograr un frente que permita sacar a Morena del gobierno.<\/p>\n\n\n\n<p>\u201cHoy me re\u00fano con un gran veracruzano y todo el equipo de trabajo con personas que est\u00e1n en el norte, centro y sur, con una persona que tiene la sensibilidad de origen que se necesita para representar a Veracruz y ha levantado la mano para representarnos en un frente pol\u00edtico amplio que nos permita contender por un gobierno para todos, que tiene la capacidad de hacer un trabajo excelente y ayude a cambiar el mal gobierno que hemos padecido en los \u00faltimos cinco a\u00f1os\u201d, dijo.<\/p>\n\n\n\n<p>Mencion\u00f3 que respetando los tiempos electorales se expresa el respaldo al candidato del PRI para que sea el \u201cpilar de la alianza\u201d.<\/p>\n\n\n\n<p>Se\u00f1al\u00f3 que es momento de dejar de lado las diferencias partidistas y buscar trabajar por el bien com\u00fan.<\/p>\n\n\n\n<p>\u201cPodemos aclarar que esta alianza no representa la p\u00e9rdida ideol\u00f3gica de cada partido, sino la ganancia de una fuerza unificada, que busca el progreso del estado, en Acci\u00f3n Nacional hemos tenido la experiencia de luchar por lograr mejores gobiernos para nuestro pa\u00eds y el estado\u201d, expres\u00f3.<\/p>\n\n\n\n<p>Refiri\u00f3 que se debe contemplar tener un mejor gobierno, \u201cnos une querer lo mejor para el estado, nos unen los ciudadanos, no importa de d\u00f3nde vengamos, la ideolog\u00eda que tengamos o a quien ayudamos en el pasado, hoy m\u00e1s que nunca es momento de dejar las divisiones y trabajar por un Veracruz mejor\u201d.<\/p>\n\n\n\n<p>Asegur\u00f3 que la alianza es un compromiso con la estabilidad, el desarrollo y la justicia del estado, por lo que se deben dejar de lado las diferencias.<\/p>\n\n\n\n<p>\u201cSe debe buscar la alianza, lograr una reconciliaci\u00f3n de convicciones y no de perd\u00f3n porque este gobierno que a\u00fan est\u00e1 le fall\u00f3 a Veracruz en seguridad, en educaci\u00f3n, en salud, en empleo, en infraestructura y todo, no se trata de ganar una elecci\u00f3n, sino de ganar al estancamiento y generar igualdad en todos los sectores, juntos y unidos los partidos m\u00e1s fuertes de Veracruz construiremos un frente s\u00f3lido capaz de impulsar pol\u00edticas que beneficien a todos los veracruzanos\u201d, agreg\u00f3.<\/p>\n","protected":false},"excerpt":{"rendered":"<p>Dar\u00edo Pale Xalapa, Ver.- Con la finalidad de que quien represente la alianza con el PRI y el PRD rumbo a las elecciones para la gubernatura de 2024 el exdirigente estatal del PAN, Joaqu\u00edn Rosendo Guzm\u00e1n Avil\u00e9s, hizo p\u00fablico su apoyo a Jos\u00e9 Francisco Yunes Zorrilla. En conferencia de prensa, pidi\u00f3 a los panistas dejar [&hellip;]<\/p>\n","protected":false},"author":2476,"featured_media":48913,"comment_status":"open","ping_status":"open","sticky":false,"template":"","format":"standard","meta":{"_jetpack_memberships_contains_paid_content":false,"footnotes":""},"categories":[2],"tags":[],"class_list":["post-48912","post","type-post","status-publish","format-standard","has-post-thumbnail","hentry","category-estado"],"jetpack_featured_media_url":"https:\/\/encuentroinformativo.com.mx\/wp-content\/uploads\/2023\/12\/IMG-20231227-WA0034.jpg","jetpack_sharing_enabled":true,"jetpack_likes_enabled":true,"amp_enabled":true,"_links":{"self":[{"href":"https:\/\/encuentroinformativo.com.mx\/index.php?rest_route=\/wp\/v2\/posts\/48912","targetHints":{"allow":["GET"]}}],"collection":[{"href":"https:\/\/encuentroinformativo.com.mx\/index.php?rest_route=\/wp\/v2\/posts"}],"about":[{"href":"https:\/\/encuentroinformativo.com.mx\/index.php?rest_route=\/wp\/v2\/types\/post"}],"author":[{"embeddable":true,"href":"https:\/\/encuentroinformativo.com.mx\/index.php?rest_route=\/wp\/v2\/users\/2476"}],"replies":[{"embeddable":true,"href":"https:\/\/encuentroinformativo.com.mx\/index.php?rest_route=%2Fwp%2Fv2%2Fcomments&post=48912"}],"version-history":[{"count":1,"href":"https:\/\/encuentroinformativo.com.mx\/index.php?rest_route=\/wp\/v2\/posts\/48912\/revisions"}],"predecessor-version":[{"id":48914,"href":"https:\/\/encuentroinformativo.com.mx\/index.php?rest_route=\/wp\/v2\/posts\/48912\/revisions\/48914"}],"wp:featuredmedia":[{"embeddable":true,"href":"https:\/\/encuentroinformativo.com.mx\/index.php?rest_route=\/wp\/v2\/media\/48913"}],"wp:attachment":[{"href":"https:\/\/encuentroinformativo.com.mx\/index.php?rest_route=%2Fwp%2Fv2%2Fmedia&parent=48912"}],"wp:term":[{"taxonomy":"category","embeddable":true,"href":"https:\/\/encuentroinformativo.com.mx\/index.php?rest_route=%2Fwp%2Fv2%2Fcategories&post=48912"},{"taxonomy":"post_tag","embeddable":true,"href":"https:\/\/encuentroinformativo.com.mx\/index.php?rest_route=%2Fwp%2Fv2%2Ftags&post=48912"}],"curies":[{"name":"wp","href":"https:\/\/api.w.org\/{rel}","templated":true}]}}