{"id":48915,"date":"2023-12-27T16:07:00","date_gmt":"2023-12-27T22:07:00","guid":{"rendered":"https:\/\/encuentroinformativo.com.mx\/?p=48915"},"modified":"2023-12-27T16:07:06","modified_gmt":"2023-12-27T22:07:06","slug":"vecinos-no-respetaron-suspension-de-recoleccion-de-basura","status":"publish","type":"post","link":"https:\/\/encuentroinformativo.com.mx\/?p=48915","title":{"rendered":"Vecinos no respetaron suspensi\u00f3n de recolecci\u00f3n de basura"},"content":{"rendered":"\n<p><strong>Juan Arcos <\/strong><\/p>\n\n\n\n<p>Xalapa, Ver.- Vecinos de la Reserva Territorial de Xalapa desacataron las recomendaciones del ayuntamiento y sacaron de sus casas la basura a la v\u00eda p\u00fablica, a pesar de que se inform\u00f3 con antelaci\u00f3n que no habr\u00eda servicio de recolecci\u00f3n de desechos s\u00f3lidos urbanos durante los festejos de Navidad.<\/p>\n\n\n\n<p>Algunos pobladores indicaron que el cami\u00f3n no ha pasado y que se observan los montones de basura en las esquinas de las calles, lo que representa un foco de infecci\u00f3n y un nido de fauna nociva.<\/p>\n\n\n\n<p>De manera an\u00f3nima por temor a represalias, comentaron que los residentes de la colonia Miguel Alem\u00e1n est\u00e1n arrojando los desechos a pesar de que el ayuntamiento de Xalapa sentenci\u00f3 que aplicar\u00eda multas por dicha situaci\u00f3n.\u201cComo ya es costumbre, vecinos de la zona de la reserva territorial estuvieron sacando sus basuras durante el 24, 25, y pues hasta ahorita no ha pasado el cami\u00f3n recolector de la basura\u201d.<\/p>\n\n\n\n<p>Esta situaci\u00f3n ocurre en calles aleda\u00f1as al Instituto Tecnol\u00f3gico Superior de Xalapa (ITSX), donde deber\u00eda mantenerse limpia la zona durante todo el a\u00f1o.<\/p>\n\n\n\n<p>\u201cPero es de verdad impresionante, calles aleda\u00f1as a una escuela tan importante como el tecnol\u00f3gico, pues gente de la colonia de m\u00e1s arriba, me parece que es la Miguel Alem\u00e1n, pues vienen a arrojar sus residuos, o sea es una burla\u201d.<\/p>\n\n\n\n<p>En el sitio hay una lona que fue colocada por personal del ayuntamiento de Xalapa para informar a la poblaci\u00f3n sobre las sanciones econ\u00f3micas por sacar la basura de sus viviendas a destiempo.<\/p>\n\n\n\n<p>\u201cPorque incluso hay una lona en donde indica cu\u00e1ntos salarios m\u00ednimos ser\u00e1n de multa para las personas que est\u00e9n arrojando desechos y no les importa, y no hay una autoridad que regule, o sea me inclino a pensar de que como vienen elecciones los protegen, porque pues ahorita hasta incluso les dan beneficios\u201d, a\u00f1adieron algunos vecinos inconformes.<\/p>\n\n\n\n<p>Cabe mencionar que el servicio de recolecci\u00f3n de basura se reactivar\u00eda a partir del 26 de diciembre; sin embargo, en la Reserva Territorial no ha pasado el cami\u00f3n recolector.<\/p>\n","protected":false},"excerpt":{"rendered":"<p>Juan Arcos Xalapa, Ver.- Vecinos de la Reserva Territorial de Xalapa desacataron las recomendaciones del ayuntamiento y sacaron de sus casas la basura a la v\u00eda p\u00fablica, a pesar de que se inform\u00f3 con antelaci\u00f3n que no habr\u00eda servicio de recolecci\u00f3n de desechos s\u00f3lidos urbanos durante los festejos de Navidad. Algunos pobladores indicaron que el [&hellip;]<\/p>\n","protected":false},"author":2476,"featured_media":48916,"comment_status":"open","ping_status":"open","sticky":false,"template":"","format":"standard","meta":{"_jetpack_memberships_contains_paid_content":false,"footnotes":""},"categories":[3],"tags":[],"class_list":["post-48915","post","type-post","status-publish","format-standard","has-post-thumbnail","hentry","category-xalapa"],"jetpack_featured_media_url":"https:\/\/encuentroinformativo.com.mx\/wp-content\/uploads\/2023\/12\/358ae26c-15ae-475d-90ea-123785f09a38.jpg","jetpack_sharing_enabled":true,"jetpack_likes_enabled":true,"amp_enabled":true,"_links":{"self":[{"href":"https:\/\/encuentroinformativo.com.mx\/index.php?rest_route=\/wp\/v2\/posts\/48915","targetHints":{"allow":["GET"]}}],"collection":[{"href":"https:\/\/encuentroinformativo.com.mx\/index.php?rest_route=\/wp\/v2\/posts"}],"about":[{"href":"https:\/\/encuentroinformativo.com.mx\/index.php?rest_route=\/wp\/v2\/types\/post"}],"author":[{"embeddable":true,"href":"https:\/\/encuentroinformativo.com.mx\/index.php?rest_route=\/wp\/v2\/users\/2476"}],"replies":[{"embeddable":true,"href":"https:\/\/encuentroinformativo.com.mx\/index.php?rest_route=%2Fwp%2Fv2%2Fcomments&post=48915"}],"version-history":[{"count":1,"href":"https:\/\/encuentroinformativo.com.mx\/index.php?rest_route=\/wp\/v2\/posts\/48915\/revisions"}],"predecessor-version":[{"id":48917,"href":"https:\/\/encuentroinformativo.com.mx\/index.php?rest_route=\/wp\/v2\/posts\/48915\/revisions\/48917"}],"wp:featuredmedia":[{"embeddable":true,"href":"https:\/\/encuentroinformativo.com.mx\/index.php?rest_route=\/wp\/v2\/media\/48916"}],"wp:attachment":[{"href":"https:\/\/encuentroinformativo.com.mx\/index.php?rest_route=%2Fwp%2Fv2%2Fmedia&parent=48915"}],"wp:term":[{"taxonomy":"category","embeddable":true,"href":"https:\/\/encuentroinformativo.com.mx\/index.php?rest_route=%2Fwp%2Fv2%2Fcategories&post=48915"},{"taxonomy":"post_tag","embeddable":true,"href":"https:\/\/encuentroinformativo.com.mx\/index.php?rest_route=%2Fwp%2Fv2%2Ftags&post=48915"}],"curies":[{"name":"wp","href":"https:\/\/api.w.org\/{rel}","templated":true}]}}