{"id":48918,"date":"2023-12-27T16:11:42","date_gmt":"2023-12-27T22:11:42","guid":{"rendered":"https:\/\/encuentroinformativo.com.mx\/?p=48918"},"modified":"2023-12-27T16:11:46","modified_gmt":"2023-12-27T22:11:46","slug":"acusan-detencion-injusta-de-joven-discapacitado","status":"publish","type":"post","link":"https:\/\/encuentroinformativo.com.mx\/?p=48918","title":{"rendered":"Acusan detenci\u00f3n injusta de joven discapacitado"},"content":{"rendered":"\n<p><strong>CORREDOR INFO\/SAYULA DE ALEM\u00c1N<\/strong><\/p>\n\n\n\n<p>Crisanto tiene 33 a\u00f1os, es un joven sordomudo trabajador que corta le\u00f1a para poder ayudar a su familia con los gastos del d\u00eda a d\u00eda. En el poblado de La Cruz del Milagro, Sayula de Alem\u00e1n, todos lo conocen y se han sorprendido e indignado ante la detenci\u00f3n y las acusaciones falsas que ha hecho la Fuerza Civil en su contra.<\/p>\n\n\n\n<p>El 11 de diciembre, mientras caminaba para le\u00f1ar, fue sorprendido y retenido por los uniformados. Durante horas, su madre Gisela lo busc\u00f3 por todos lados, llena de preocupaci\u00f3n y dolor al no conocer su paradero.<\/p>\n\n\n\n<p>La angustia de la familia lleg\u00f3 a tanto que la abuela de Crisanto muri\u00f3 debido a la impresi\u00f3n, ya que llevaba alg\u00fan tiempo enferma.<\/p>\n\n\n\n<p>Fue hasta el d\u00eda siguiente cuando Gisela logr\u00f3 dar con el paradero de su hijo. Los elementos de la Fuerza Civil lo se\u00f1alaban de presuntamente viajar en un auto robado y de portar una pistola con la que supuestamente dispar\u00f3 contra la patrulla.<\/p>\n\n\n\n<p>\u201cLo acusan de que andaban en una camioneta robada y que tra\u00edan armas y que \u00e9l dispar\u00f3 contra la polic\u00eda; pero \u00e9l no sabe disparar ni un arma y pues no llegamos ni a carro, nosotros somos pobres, somos humildes\u201d, relat\u00f3 Gisela.<\/p>\n\n\n\n<p>La Fiscal\u00eda General del Estado se ha sumado a las injusticias, pues respaldan los se\u00f1alamientos de la SSP e imputan a Crisanto, junto a otras dos personas de una diversidad de delitos.<\/p>\n\n\n\n<p>El 23 de diciembre la FGE que se obtuvo vinculaci\u00f3n a proceso en contra de Diego Armando \u201cN\u201d, Crisanto \u201cN\u201d y Rosario \u201cN\u201d como presuntos responsables de los delitos contra las instituciones de seguridad p\u00fablica, contra la salud y robo espec\u00edfico en su modalidad de detentaci\u00f3n de veh\u00edculo con reporte de robo, sin embargo su madre asevera que los cargos son falsos.<\/p>\n\n\n\n<p>Entre sollozos, cuenta que su hijo es inocente y que la Navidad se ha convertido en un calvario al desconocer c\u00f3mo se encuentra Crisanto, ya que le han negado las visitas y \u00fanicamente puede verlo durante las audiencias.<\/p>\n\n\n\n<p>El proceso en su contra y, principalmente, su defensa han sido pr\u00e1cticamente imposibles, ya que Crisanto no tiene forma de comunicarse y contar su versi\u00f3n de los hechos para demostrar su inocencia.<\/p>\n\n\n\n<p>\u201cNosotros somos pobres, no tuvimos la posibilidad de mandarlo a una escuela especial para que aprendiera ese lenguaje (de se\u00f1as); entonces, por eso, \u00e9l no sabe. Simplemente sabe las se\u00f1ales que aprendi\u00f3 en casa, que nosotros como padres le ense\u00f1amos\u201d, a\u00f1adi\u00f3.<br>Ante tremenda injusticia, el pueblo de La Cruz del Milagro se ha volcado para exigir la libertad de Crisanto. M\u00e1s de 11 hojas de firmas han sido recabadas por su familia en apoyo al caso.<\/p>\n\n\n\n<p>\u201cAqu\u00ed el pueblo est\u00e1 indignado por el suceso, porque tanto \u00e9l como nosotros somos personas trabajadoras y humildes; y a pesar de su discapacidad, \u00e9l se gana la vida trabajando reparando zapatos, le\u00f1ando, trabaja en lo que lo buscan en el pueblo porque saben y lo conocen que \u00e9l es un joven trabajador\u201d, sentenci\u00f3.<\/p>\n","protected":false},"excerpt":{"rendered":"<p>CORREDOR INFO\/SAYULA DE ALEM\u00c1N Crisanto tiene 33 a\u00f1os, es un joven sordomudo trabajador que corta le\u00f1a para poder ayudar a su familia con los gastos del d\u00eda a d\u00eda. En el poblado de La Cruz del Milagro, Sayula de Alem\u00e1n, todos lo conocen y se han sorprendido e indignado ante la detenci\u00f3n y las acusaciones [&hellip;]<\/p>\n","protected":false},"author":2476,"featured_media":34583,"comment_status":"open","ping_status":"open","sticky":false,"template":"","format":"standard","meta":{"_jetpack_memberships_contains_paid_content":false,"footnotes":""},"categories":[14],"tags":[],"class_list":["post-48918","post","type-post","status-publish","format-standard","has-post-thumbnail","hentry","category-policiaca"],"jetpack_featured_media_url":"https:\/\/encuentroinformativo.com.mx\/wp-content\/uploads\/2022\/12\/729FB015-9436-4642-9DF6-F5A5D7C82886.jpeg","jetpack_sharing_enabled":true,"jetpack_likes_enabled":true,"amp_enabled":true,"_links":{"self":[{"href":"https:\/\/encuentroinformativo.com.mx\/index.php?rest_route=\/wp\/v2\/posts\/48918","targetHints":{"allow":["GET"]}}],"collection":[{"href":"https:\/\/encuentroinformativo.com.mx\/index.php?rest_route=\/wp\/v2\/posts"}],"about":[{"href":"https:\/\/encuentroinformativo.com.mx\/index.php?rest_route=\/wp\/v2\/types\/post"}],"author":[{"embeddable":true,"href":"https:\/\/encuentroinformativo.com.mx\/index.php?rest_route=\/wp\/v2\/users\/2476"}],"replies":[{"embeddable":true,"href":"https:\/\/encuentroinformativo.com.mx\/index.php?rest_route=%2Fwp%2Fv2%2Fcomments&post=48918"}],"version-history":[{"count":1,"href":"https:\/\/encuentroinformativo.com.mx\/index.php?rest_route=\/wp\/v2\/posts\/48918\/revisions"}],"predecessor-version":[{"id":48919,"href":"https:\/\/encuentroinformativo.com.mx\/index.php?rest_route=\/wp\/v2\/posts\/48918\/revisions\/48919"}],"wp:featuredmedia":[{"embeddable":true,"href":"https:\/\/encuentroinformativo.com.mx\/index.php?rest_route=\/wp\/v2\/media\/34583"}],"wp:attachment":[{"href":"https:\/\/encuentroinformativo.com.mx\/index.php?rest_route=%2Fwp%2Fv2%2Fmedia&parent=48918"}],"wp:term":[{"taxonomy":"category","embeddable":true,"href":"https:\/\/encuentroinformativo.com.mx\/index.php?rest_route=%2Fwp%2Fv2%2Fcategories&post=48918"},{"taxonomy":"post_tag","embeddable":true,"href":"https:\/\/encuentroinformativo.com.mx\/index.php?rest_route=%2Fwp%2Fv2%2Ftags&post=48918"}],"curies":[{"name":"wp","href":"https:\/\/api.w.org\/{rel}","templated":true}]}}