{"id":48925,"date":"2023-12-27T21:21:07","date_gmt":"2023-12-28T03:21:07","guid":{"rendered":"https:\/\/encuentroinformativo.com.mx\/?p=48925"},"modified":"2023-12-27T21:21:12","modified_gmt":"2023-12-28T03:21:12","slug":"estamos-listos-para-implementar-el-operativo-amanecer-2024-alcalde-juan-manuel-unanue","status":"publish","type":"post","link":"https:\/\/encuentroinformativo.com.mx\/?p=48925","title":{"rendered":"Estamos listos para implementar el \u201cOperativo Amanecer 2024\u201d: Alcalde Juan Manuel Un\u00e1nue"},"content":{"rendered":"\n<p><strong>*<em>M\u00e1s de 300 elementos de diferentes corporaciones participar\u00e1n en este operativo el lunes primero de enero en la zona costera de Boca del R\u00edo<\/em>.<\/strong><\/p>\n\n\n\n<p>Boca del R\u00edo, Ver.- El Ayuntamiento de Boca del R\u00edo se encuentra listo para la implementaci\u00f3n del \u201cOperativo Amanecer 2024\u201d que se llevar\u00e1 a cabo este primero de enero con la participaci\u00f3n de m\u00e1s de 300 elementos de diferentes corporaciones, as\u00ed lo dio a conocer el alcalde Juan Manuel Un\u00e1nue Abascal.<\/p>\n\n\n\n<p>Asimismo, el edil inform\u00f3 que dicho operativo se realiza con la finalidad de mantener una ciudad segura y en orden para que boque\u00f1os y turistas puedan disfrutar de este d\u00eda sin contratiempos.<\/p>\n\n\n\n<p>\u201cTenemos el apoyo de manera permanente desde hace unos d\u00edas de la Guardia Nacional, de la Fuerza Civil, Polic\u00eda Estatal y Polic\u00eda Naval, adem\u00e1s de nuestras \u00e1reas operativas municipales como Protecci\u00f3n Civil, Polic\u00eda Municipal, Tr\u00e1nsito, Comercio, Gobernaci\u00f3n y Turismo\u201d, detall\u00f3 el alcalde.<\/p>\n\n\n\n<p>De Un\u00e1nue Abascal reiter\u00f3 que ya gir\u00f3 instrucciones a las \u00e1reas operativas del municipio para dicho operativo, destacando que si bien no habr\u00e1 restricciones a la ciudadan\u00eda en el bulevar Manuel \u00c1vila Camacho, pidi\u00f3 acatar las recomendaciones de las autoridades presentes.<\/p>\n\n\n\n<p>\u201cComentar que hagan caso de las recomendaciones de las autoridades municipales el lunes por la ma\u00f1ana para que podamos llevar a cabo la limpieza del bulevar as\u00ed como de otras zonas, que como sabemos es una tradici\u00f3n acudir a este punto para presenciar el primer amanecer del a\u00f1o\u201d, agreg\u00f3.<\/p>\n\n\n\n<p>El \u201cOperativo Amanecer 2024\u201d dar\u00e1 inicio a las 6:30 de la ma\u00f1ana el lunes primero de enero en la zona costera de Boca del R\u00edo, desde el Foro Boca en el bulevar Vicente Fox, hasta la divisi\u00f3n de Veracruz y nuestra ciudad en Costa Verde, siendo la de mayor afluencia la que se tiene por el Distrito Boca en el tramo que comprende del hotel Holliday Inn hasta Plaza Pulpo.<\/p>\n\n\n\n<p>Finalmente el edil boque\u00f1o reiter\u00f3 que de acuerdo a las estimaciones meteorol\u00f3gicas de las autoridades pertinentes, se esperan condiciones climatol\u00f3gicas favorables para esa fecha, reiterando a los ciudadanos que mantengan el orden y disfruten en familia de este momento.<\/p>\n","protected":false},"excerpt":{"rendered":"<p>*M\u00e1s de 300 elementos de diferentes corporaciones participar\u00e1n en este operativo el lunes primero de enero en la zona costera de Boca del R\u00edo. Boca del R\u00edo, Ver.- El Ayuntamiento de Boca del R\u00edo se encuentra listo para la implementaci\u00f3n del \u201cOperativo Amanecer 2024\u201d que se llevar\u00e1 a cabo este primero de enero con la [&hellip;]<\/p>\n","protected":false},"author":2476,"featured_media":47877,"comment_status":"open","ping_status":"open","sticky":false,"template":"","format":"standard","meta":{"_jetpack_memberships_contains_paid_content":false,"footnotes":""},"categories":[2],"tags":[],"class_list":["post-48925","post","type-post","status-publish","format-standard","has-post-thumbnail","hentry","category-estado"],"jetpack_featured_media_url":"https:\/\/encuentroinformativo.com.mx\/wp-content\/uploads\/2023\/11\/IMG-20231123-WA0061.jpg","jetpack_sharing_enabled":true,"jetpack_likes_enabled":true,"amp_enabled":true,"_links":{"self":[{"href":"https:\/\/encuentroinformativo.com.mx\/index.php?rest_route=\/wp\/v2\/posts\/48925","targetHints":{"allow":["GET"]}}],"collection":[{"href":"https:\/\/encuentroinformativo.com.mx\/index.php?rest_route=\/wp\/v2\/posts"}],"about":[{"href":"https:\/\/encuentroinformativo.com.mx\/index.php?rest_route=\/wp\/v2\/types\/post"}],"author":[{"embeddable":true,"href":"https:\/\/encuentroinformativo.com.mx\/index.php?rest_route=\/wp\/v2\/users\/2476"}],"replies":[{"embeddable":true,"href":"https:\/\/encuentroinformativo.com.mx\/index.php?rest_route=%2Fwp%2Fv2%2Fcomments&post=48925"}],"version-history":[{"count":1,"href":"https:\/\/encuentroinformativo.com.mx\/index.php?rest_route=\/wp\/v2\/posts\/48925\/revisions"}],"predecessor-version":[{"id":48926,"href":"https:\/\/encuentroinformativo.com.mx\/index.php?rest_route=\/wp\/v2\/posts\/48925\/revisions\/48926"}],"wp:featuredmedia":[{"embeddable":true,"href":"https:\/\/encuentroinformativo.com.mx\/index.php?rest_route=\/wp\/v2\/media\/47877"}],"wp:attachment":[{"href":"https:\/\/encuentroinformativo.com.mx\/index.php?rest_route=%2Fwp%2Fv2%2Fmedia&parent=48925"}],"wp:term":[{"taxonomy":"category","embeddable":true,"href":"https:\/\/encuentroinformativo.com.mx\/index.php?rest_route=%2Fwp%2Fv2%2Fcategories&post=48925"},{"taxonomy":"post_tag","embeddable":true,"href":"https:\/\/encuentroinformativo.com.mx\/index.php?rest_route=%2Fwp%2Fv2%2Ftags&post=48925"}],"curies":[{"name":"wp","href":"https:\/\/api.w.org\/{rel}","templated":true}]}}