{"id":48941,"date":"2023-12-28T13:23:17","date_gmt":"2023-12-28T19:23:17","guid":{"rendered":"https:\/\/encuentroinformativo.com.mx\/?p=48941"},"modified":"2023-12-28T13:23:21","modified_gmt":"2023-12-28T19:23:21","slug":"cierre-de-alianza-entre-pri-pan-y-prd-es-en-favor-de-veracruz-pepe-yunes","status":"publish","type":"post","link":"https:\/\/encuentroinformativo.com.mx\/?p=48941","title":{"rendered":"Cierre de alianza entre PRI, PAN y PRD es en favor de Veracruz: Pepe Yunes"},"content":{"rendered":"\n<p><strong>Alejandro \u00c1vila<\/strong><\/p>\n\n\n\n<p>San Andr\u00e9s Tuxtla, Ver.- El virtual candidato del Frente Opositor en Veracruz, Jos\u00e9 Francisco Yunes Zorrilla, puntualiz\u00f3 que los grupos pol\u00edticos del PRD y del PAN no se est\u00e1n sumando \u00fanicamente a Pepe Yunes, sino al Rescate de Veracruz.<\/p>\n\n\n\n<p>Tras las recientes reuniones con el grupo pol\u00edtico de la familia Yunes M\u00e1rquez, con el Senador, Julen Rementer\u00eda, y el grupo pol\u00edtico de Joaqu\u00edn Guzm\u00e1n Avil\u00e9s; finalmente qued\u00f3 claro que el blanquiazul veracruzano le dar\u00e1 el respaldo al diputado federal priista de Perote.<\/p>\n\n\n\n<p>&#8220;M\u00e1s que alrededor m\u00edo, todos nos unimos alrededor de Veracruz, a poner en el centro y adelante a Veracruz, a sus familias, y darle nuevamente luz de grandeza a un estado que por mucho tiempo fue referencia a nivel nacional, y que hoy lamentablemente lo es pero para mal. Veracruz siempre tiene que ser un referente de buenas noticias, de cosas positivas y para eso vamos a trabajar&#8221;, enfatiz\u00f3.<\/p>\n\n\n\n<p>Pepe Yunes dijo que se encuentra a la espera de la convocatoria formal de los tres partidos pol\u00edticos que conforman la alianza del Frente Opositor en Veracruz, con la finalidad de cumplir con los procesos pol\u00edticos y electorales para poder registrarse como el candidato oficial a la gubernatura de Veracruz.<\/p>\n\n\n\n<p>Este jueves, Jos\u00e9 Francisco Yunes Zorrilla visit\u00f3 el municipio de San Andr\u00e9s Tuxtla, sitio que asegur\u00f3 se debe potencializar no solo en ganader\u00eda y agricultura sino tambi\u00e9n en turismo.<\/p>\n","protected":false},"excerpt":{"rendered":"<p>Alejandro \u00c1vila San Andr\u00e9s Tuxtla, Ver.- El virtual candidato del Frente Opositor en Veracruz, Jos\u00e9 Francisco Yunes Zorrilla, puntualiz\u00f3 que los grupos pol\u00edticos del PRD y del PAN no se est\u00e1n sumando \u00fanicamente a Pepe Yunes, sino al Rescate de Veracruz. Tras las recientes reuniones con el grupo pol\u00edtico de la familia Yunes M\u00e1rquez, con [&hellip;]<\/p>\n","protected":false},"author":2476,"featured_media":48942,"comment_status":"open","ping_status":"open","sticky":false,"template":"","format":"standard","meta":{"_jetpack_memberships_contains_paid_content":false,"footnotes":""},"categories":[2],"tags":[],"class_list":["post-48941","post","type-post","status-publish","format-standard","has-post-thumbnail","hentry","category-estado"],"jetpack_featured_media_url":"https:\/\/encuentroinformativo.com.mx\/wp-content\/uploads\/2023\/12\/IMG-20231228-WA0040.jpg","jetpack_sharing_enabled":true,"jetpack_likes_enabled":true,"amp_enabled":true,"_links":{"self":[{"href":"https:\/\/encuentroinformativo.com.mx\/index.php?rest_route=\/wp\/v2\/posts\/48941","targetHints":{"allow":["GET"]}}],"collection":[{"href":"https:\/\/encuentroinformativo.com.mx\/index.php?rest_route=\/wp\/v2\/posts"}],"about":[{"href":"https:\/\/encuentroinformativo.com.mx\/index.php?rest_route=\/wp\/v2\/types\/post"}],"author":[{"embeddable":true,"href":"https:\/\/encuentroinformativo.com.mx\/index.php?rest_route=\/wp\/v2\/users\/2476"}],"replies":[{"embeddable":true,"href":"https:\/\/encuentroinformativo.com.mx\/index.php?rest_route=%2Fwp%2Fv2%2Fcomments&post=48941"}],"version-history":[{"count":1,"href":"https:\/\/encuentroinformativo.com.mx\/index.php?rest_route=\/wp\/v2\/posts\/48941\/revisions"}],"predecessor-version":[{"id":48943,"href":"https:\/\/encuentroinformativo.com.mx\/index.php?rest_route=\/wp\/v2\/posts\/48941\/revisions\/48943"}],"wp:featuredmedia":[{"embeddable":true,"href":"https:\/\/encuentroinformativo.com.mx\/index.php?rest_route=\/wp\/v2\/media\/48942"}],"wp:attachment":[{"href":"https:\/\/encuentroinformativo.com.mx\/index.php?rest_route=%2Fwp%2Fv2%2Fmedia&parent=48941"}],"wp:term":[{"taxonomy":"category","embeddable":true,"href":"https:\/\/encuentroinformativo.com.mx\/index.php?rest_route=%2Fwp%2Fv2%2Fcategories&post=48941"},{"taxonomy":"post_tag","embeddable":true,"href":"https:\/\/encuentroinformativo.com.mx\/index.php?rest_route=%2Fwp%2Fv2%2Ftags&post=48941"}],"curies":[{"name":"wp","href":"https:\/\/api.w.org\/{rel}","templated":true}]}}