{"id":48953,"date":"2023-12-29T13:45:39","date_gmt":"2023-12-29T19:45:39","guid":{"rendered":"https:\/\/encuentroinformativo.com.mx\/?p=48953"},"modified":"2023-12-29T13:45:44","modified_gmt":"2023-12-29T19:45:44","slug":"lamenta-diputada-regano-de-amlo-a-veracruz-por-tema-uv","status":"publish","type":"post","link":"https:\/\/encuentroinformativo.com.mx\/?p=48953","title":{"rendered":"Lamenta diputada &#8220;rega\u00f1o&#8221; de AMLO a Veracruz por tema UV"},"content":{"rendered":"\n<p><strong>Alejandro \u00c1vila<\/strong><\/p>\n\n\n\n<p>Veracruz, Ver.- La diputada panista, Ver\u00f3nica Pulido Herrera, lament\u00f3 el &#8220;rega\u00f1o&#8221; sufrido al Gobierno de Veracruz por parte del presidente, Andr\u00e9s Manuel L\u00f3pez Obrador, con respecto al tema de la del presupuesto de la Universidad Veracruzana.<\/p>\n\n\n\n<p>Es de mencionar que esta semana la legisladora panista se\u00f1al\u00f3 que el Congreso de Veracruz hab\u00eda aprobado una reducci\u00f3n en los rubros de seguridad y educaci\u00f3n, espec\u00edficamente en los que tienen que ver con la Alerta de Violencia de G\u00e9nero, el Instituto Veracruzano de la Mujer y la Universidad Veracruzana.<\/p>\n\n\n\n<p>En este \u00faltimo expuso que los 3 mil 657 millones 536 mil 557 pesos de subsidio Estatal que se aprobaron a la m\u00e1xima casa de estudios de Veracruz, son insuficientes para lograr el cumplimiento de los objetivos de mejora educativa.<\/p>\n\n\n\n<p>&#8220;Lamento que nuevamente los diputados de Morena en el Congreso de Veracruz sufran otro rev\u00e9s, tal como en su momento les puntualiz\u00f3 la Suprema Corte de Justicia, por actos inconstitucionales en la legislatura veracruzana. Hoy tiene que ser el presidente de la rep\u00fablica el que les reproche y recuerde, que la Universidad Veracruzana merece el aumento de presupuesto del 4 por ciento, como se estipula por ley cada a\u00f1o. Est\u00e1 negativa al aumento de presupuesto a la Universidad Veracruzana por parte de los diputados de Morena, deja suspicacias porque el 2024 es un a\u00f1o electoral&#8221;, sentenci\u00f3.<\/p>\n\n\n\n<p>Ver\u00f3nica Pulido Herrera dijo que durante las pr\u00f3ximas semanas estar\u00e1 pendiente de que se hagan los ajustes correspondientes para brindar el apoyo necesario a la Universidad Veracruzana, y adem\u00e1s, vigilar\u00e1 el presupuesto que se ejerza en cualquier rubro desde el Gobierno de Veracruz, sea \u00fanica y exclusivamente para el beneficio de las y los veracruzanos, y no del partido pol\u00edtico en el poder en el pr\u00f3ximo proceso electoral.<\/p>\n","protected":false},"excerpt":{"rendered":"<p>Alejandro \u00c1vila Veracruz, Ver.- La diputada panista, Ver\u00f3nica Pulido Herrera, lament\u00f3 el &#8220;rega\u00f1o&#8221; sufrido al Gobierno de Veracruz por parte del presidente, Andr\u00e9s Manuel L\u00f3pez Obrador, con respecto al tema de la del presupuesto de la Universidad Veracruzana. Es de mencionar que esta semana la legisladora panista se\u00f1al\u00f3 que el Congreso de Veracruz hab\u00eda aprobado [&hellip;]<\/p>\n","protected":false},"author":2476,"featured_media":48954,"comment_status":"open","ping_status":"open","sticky":false,"template":"","format":"standard","meta":{"_jetpack_memberships_contains_paid_content":false,"footnotes":""},"categories":[2],"tags":[],"class_list":["post-48953","post","type-post","status-publish","format-standard","has-post-thumbnail","hentry","category-estado"],"jetpack_featured_media_url":"https:\/\/encuentroinformativo.com.mx\/wp-content\/uploads\/2023\/12\/IMG-20231229-WA0004.jpg","jetpack_sharing_enabled":true,"jetpack_likes_enabled":true,"amp_enabled":true,"_links":{"self":[{"href":"https:\/\/encuentroinformativo.com.mx\/index.php?rest_route=\/wp\/v2\/posts\/48953","targetHints":{"allow":["GET"]}}],"collection":[{"href":"https:\/\/encuentroinformativo.com.mx\/index.php?rest_route=\/wp\/v2\/posts"}],"about":[{"href":"https:\/\/encuentroinformativo.com.mx\/index.php?rest_route=\/wp\/v2\/types\/post"}],"author":[{"embeddable":true,"href":"https:\/\/encuentroinformativo.com.mx\/index.php?rest_route=\/wp\/v2\/users\/2476"}],"replies":[{"embeddable":true,"href":"https:\/\/encuentroinformativo.com.mx\/index.php?rest_route=%2Fwp%2Fv2%2Fcomments&post=48953"}],"version-history":[{"count":1,"href":"https:\/\/encuentroinformativo.com.mx\/index.php?rest_route=\/wp\/v2\/posts\/48953\/revisions"}],"predecessor-version":[{"id":48955,"href":"https:\/\/encuentroinformativo.com.mx\/index.php?rest_route=\/wp\/v2\/posts\/48953\/revisions\/48955"}],"wp:featuredmedia":[{"embeddable":true,"href":"https:\/\/encuentroinformativo.com.mx\/index.php?rest_route=\/wp\/v2\/media\/48954"}],"wp:attachment":[{"href":"https:\/\/encuentroinformativo.com.mx\/index.php?rest_route=%2Fwp%2Fv2%2Fmedia&parent=48953"}],"wp:term":[{"taxonomy":"category","embeddable":true,"href":"https:\/\/encuentroinformativo.com.mx\/index.php?rest_route=%2Fwp%2Fv2%2Fcategories&post=48953"},{"taxonomy":"post_tag","embeddable":true,"href":"https:\/\/encuentroinformativo.com.mx\/index.php?rest_route=%2Fwp%2Fv2%2Ftags&post=48953"}],"curies":[{"name":"wp","href":"https:\/\/api.w.org\/{rel}","templated":true}]}}