{"id":48959,"date":"2023-12-29T14:16:57","date_gmt":"2023-12-29T20:16:57","guid":{"rendered":"https:\/\/encuentroinformativo.com.mx\/?p=48959"},"modified":"2023-12-29T14:17:02","modified_gmt":"2023-12-29T20:17:02","slug":"arturo-cobos-activa-a-las-bases-priistas-de-veracruz-puerto","status":"publish","type":"post","link":"https:\/\/encuentroinformativo.com.mx\/?p=48959","title":{"rendered":"Arturo Cobos activa a las bases priistas de Veracruz Puerto"},"content":{"rendered":"\n<p><strong>Alejandro \u00c1vila<\/strong><\/p>\n\n\n\n<p>Veracruz, Ver.- Como hace muchos a\u00f1os no suced\u00eda en la sede del PRI en el municipio de Veracruz, se realiz\u00f3 una convivencia de post Navide\u00f1a y previa al Fin de A\u00f1o, para celebrar a las bases del tricolor, enalteciendo los liderazgos en la ciudad.<\/p>\n\n\n\n<p>L\u00edderes seccionales, activistas y militantes se sumaron al llamado del nuevo presidente de este instituto pol\u00edtico, Arturo Cobos Valdez; el cual reconoci\u00f3 la \u00fanica forma de volver a la grandezaes trabajando unidos y muy de cerca.<\/p>\n\n\n\n<p>&#8220;Comenzamos con gran \u00e1nimo esta dirigencia, sabemos que hay mucho por hacer y lo haremos de la mano con la militancia, porque tenemos claro que la fuerza de nuestro partido est\u00e1 en las bases, y desde ah\u00ed construiremos la nueva etapa del PRI en el puerto de Veracruz. Estos eventos de convivencia y armon\u00eda nos ayudan al reencuentro de la familia priista, se vienen buenos retos y vamos a mostrar la fortaleza para ir unidos y convencer a la ciudadan\u00eda que el proyecto de Pepe Yunes y X\u00f3chitl G\u00e1lvez, es el mejor para Veracruz y M\u00e9xico&#8221;, expres\u00f3 el l\u00edder priista.<\/p>\n\n\n\n<p>La celebraci\u00f3n estuvo encabezada por, Arturo Cobos Valdez, presidente del Comit\u00e9 Municipal del PRI de Veracruz, y Betsab\u00e9 Delf\u00edn G\u00f3mez, secretaria general; en este evento se realiz\u00f3 una rifa de regalos, as\u00ed como la degustaci\u00f3n de los tradicionales tamales y chocolate de temporada, as\u00ed como algod\u00f3n de az\u00facar y manzanas acarameladas para los ni\u00f1os.<\/p>\n\n\n\n<p>En este evento, tambi\u00e9n se cont\u00f3 con la presencia de la regidora del Ayuntamiento de Veracruz, Belem Palmeros Exsome; el dirigente pri\u00edsta agradeci\u00f3 la gran respuesta de los asistentes, destacando que la verdadera fortaleza del partido reside en su gente, \u201cestamos contentos de poder estar hoy con ustedes y celebrar esta temporada, nos motiva mucho para seguir nuestra meta de reconstruir al partido en Veracruz porque con ustedes lo vamos a lograr\u201d.<\/p>\n\n\n\n<p>Adem\u00e1s, en esta ocasi\u00f3n aprovech\u00f3 para desear a los militantes del tricolor un feliz A\u00f1o Nuevo, en el cual se viene el gran reto de salir a las calles y trabajar a favor del gran proyecto que encabezan Pepe Yunes para Veracruz y X\u00f3chitl G\u00e1lvez para M\u00e9xico.&nbsp;<\/p>\n","protected":false},"excerpt":{"rendered":"<p>Alejandro \u00c1vila Veracruz, Ver.- Como hace muchos a\u00f1os no suced\u00eda en la sede del PRI en el municipio de Veracruz, se realiz\u00f3 una convivencia de post Navide\u00f1a y previa al Fin de A\u00f1o, para celebrar a las bases del tricolor, enalteciendo los liderazgos en la ciudad. L\u00edderes seccionales, activistas y militantes se sumaron al llamado [&hellip;]<\/p>\n","protected":false},"author":2476,"featured_media":48960,"comment_status":"open","ping_status":"open","sticky":false,"template":"","format":"standard","meta":{"_jetpack_memberships_contains_paid_content":false,"footnotes":""},"categories":[2],"tags":[],"class_list":["post-48959","post","type-post","status-publish","format-standard","has-post-thumbnail","hentry","category-estado"],"jetpack_featured_media_url":"https:\/\/encuentroinformativo.com.mx\/wp-content\/uploads\/2023\/12\/IMG-20231229-WA0022.jpg","jetpack_sharing_enabled":true,"jetpack_likes_enabled":true,"amp_enabled":true,"_links":{"self":[{"href":"https:\/\/encuentroinformativo.com.mx\/index.php?rest_route=\/wp\/v2\/posts\/48959","targetHints":{"allow":["GET"]}}],"collection":[{"href":"https:\/\/encuentroinformativo.com.mx\/index.php?rest_route=\/wp\/v2\/posts"}],"about":[{"href":"https:\/\/encuentroinformativo.com.mx\/index.php?rest_route=\/wp\/v2\/types\/post"}],"author":[{"embeddable":true,"href":"https:\/\/encuentroinformativo.com.mx\/index.php?rest_route=\/wp\/v2\/users\/2476"}],"replies":[{"embeddable":true,"href":"https:\/\/encuentroinformativo.com.mx\/index.php?rest_route=%2Fwp%2Fv2%2Fcomments&post=48959"}],"version-history":[{"count":1,"href":"https:\/\/encuentroinformativo.com.mx\/index.php?rest_route=\/wp\/v2\/posts\/48959\/revisions"}],"predecessor-version":[{"id":48961,"href":"https:\/\/encuentroinformativo.com.mx\/index.php?rest_route=\/wp\/v2\/posts\/48959\/revisions\/48961"}],"wp:featuredmedia":[{"embeddable":true,"href":"https:\/\/encuentroinformativo.com.mx\/index.php?rest_route=\/wp\/v2\/media\/48960"}],"wp:attachment":[{"href":"https:\/\/encuentroinformativo.com.mx\/index.php?rest_route=%2Fwp%2Fv2%2Fmedia&parent=48959"}],"wp:term":[{"taxonomy":"category","embeddable":true,"href":"https:\/\/encuentroinformativo.com.mx\/index.php?rest_route=%2Fwp%2Fv2%2Fcategories&post=48959"},{"taxonomy":"post_tag","embeddable":true,"href":"https:\/\/encuentroinformativo.com.mx\/index.php?rest_route=%2Fwp%2Fv2%2Ftags&post=48959"}],"curies":[{"name":"wp","href":"https:\/\/api.w.org\/{rel}","templated":true}]}}