{"id":48965,"date":"2023-12-29T14:28:12","date_gmt":"2023-12-29T20:28:12","guid":{"rendered":"https:\/\/encuentroinformativo.com.mx\/?p=48965"},"modified":"2023-12-29T14:28:16","modified_gmt":"2023-12-29T20:28:16","slug":"ante-falta-de-apoyos-se-desploma-produccion-de-maiz-en-veracruz","status":"publish","type":"post","link":"https:\/\/encuentroinformativo.com.mx\/?p=48965","title":{"rendered":"Ante falta de apoyos, se desploma producci\u00f3n de ma\u00edz en Veracruz"},"content":{"rendered":"\n<p><strong>Juan Arcos <\/strong><\/p>\n\n\n\n<p>Xalapa, Ver.- Los productores de ma\u00edz en Veracruz enfrentan una grave crisis por la ca\u00edda en su producci\u00f3n debido a la falta de apoyos gubernamentales.<\/p>\n\n\n\n<p>El presidente del Consejo Veracruzano de Productores de Ma\u00edz, Ram\u00f3n Pino M\u00e9ndez, record\u00f3 que este 2023 la sequ\u00eda afect\u00f3 a m\u00e1s del 60 por ciento de la producci\u00f3n.<\/p>\n\n\n\n<p>&#8220;Hemos sufrido p\u00e9rdidas graves debido a la sequ\u00eda, que superaron el 60 por ciento de la producci\u00f3n. En este ciclo que apenas inicia, esperamos que el clima nos favorezca para obtener buenos resultados\u201d, expres\u00f3.<\/p>\n\n\n\n<p>En Veracruz hay dos ciclos de cultivo, uno entre los meses de mayo y junio, y otro en noviembre, el cual presenta un atraso por la misma situaci\u00f3n.<\/p>\n\n\n\n<p>El l\u00edder campesino se\u00f1al\u00f3 que la ausencia de cr\u00e9ditos y los altos costos de los insumos afectan gravemente a los productores de este alimento b\u00e1sico.<\/p>\n\n\n\n<p>&#8220;No hay acceso a cr\u00e9ditos ni financiamiento. Hay un apoyo muy escaso de los programas gubernamentales. Aunque se espera el apoyo de fertilizantes, es m\u00ednimo. Se necesita tambi\u00e9n ayuda econ\u00f3mica para preparar el suelo y adquirir semillas, lo cual es costoso\u201d, enfatiz\u00f3.<\/p>\n\n\n\n<p>Pino M\u00e9ndez destac\u00f3 que en este momento resulta muy dif\u00edcil para los productores mantener el cultivo durante cuatro meses. Adem\u00e1s, de que se ha reducido la superficie de siembra.<\/p>\n\n\n\n<p>\u201cEsto impactar\u00e1 la producci\u00f3n de Veracruz. Los problemas en el campo no est\u00e1n siendo atendidos y, claramente, habr\u00e1 consecuencias\u201d, insisti\u00f3.<\/p>\n","protected":false},"excerpt":{"rendered":"<p>Juan Arcos Xalapa, Ver.- Los productores de ma\u00edz en Veracruz enfrentan una grave crisis por la ca\u00edda en su producci\u00f3n debido a la falta de apoyos gubernamentales. El presidente del Consejo Veracruzano de Productores de Ma\u00edz, Ram\u00f3n Pino M\u00e9ndez, record\u00f3 que este 2023 la sequ\u00eda afect\u00f3 a m\u00e1s del 60 por ciento de la producci\u00f3n. [&hellip;]<\/p>\n","protected":false},"author":2476,"featured_media":28309,"comment_status":"open","ping_status":"open","sticky":false,"template":"","format":"standard","meta":{"_jetpack_memberships_contains_paid_content":false,"footnotes":""},"categories":[2],"tags":[],"class_list":["post-48965","post","type-post","status-publish","format-standard","has-post-thumbnail","hentry","category-estado"],"jetpack_featured_media_url":"https:\/\/encuentroinformativo.com.mx\/wp-content\/uploads\/2022\/06\/DC769FBC-388A-4A6E-B365-5F708D77ECAD.jpeg","jetpack_sharing_enabled":true,"jetpack_likes_enabled":true,"amp_enabled":true,"_links":{"self":[{"href":"https:\/\/encuentroinformativo.com.mx\/index.php?rest_route=\/wp\/v2\/posts\/48965","targetHints":{"allow":["GET"]}}],"collection":[{"href":"https:\/\/encuentroinformativo.com.mx\/index.php?rest_route=\/wp\/v2\/posts"}],"about":[{"href":"https:\/\/encuentroinformativo.com.mx\/index.php?rest_route=\/wp\/v2\/types\/post"}],"author":[{"embeddable":true,"href":"https:\/\/encuentroinformativo.com.mx\/index.php?rest_route=\/wp\/v2\/users\/2476"}],"replies":[{"embeddable":true,"href":"https:\/\/encuentroinformativo.com.mx\/index.php?rest_route=%2Fwp%2Fv2%2Fcomments&post=48965"}],"version-history":[{"count":1,"href":"https:\/\/encuentroinformativo.com.mx\/index.php?rest_route=\/wp\/v2\/posts\/48965\/revisions"}],"predecessor-version":[{"id":48966,"href":"https:\/\/encuentroinformativo.com.mx\/index.php?rest_route=\/wp\/v2\/posts\/48965\/revisions\/48966"}],"wp:featuredmedia":[{"embeddable":true,"href":"https:\/\/encuentroinformativo.com.mx\/index.php?rest_route=\/wp\/v2\/media\/28309"}],"wp:attachment":[{"href":"https:\/\/encuentroinformativo.com.mx\/index.php?rest_route=%2Fwp%2Fv2%2Fmedia&parent=48965"}],"wp:term":[{"taxonomy":"category","embeddable":true,"href":"https:\/\/encuentroinformativo.com.mx\/index.php?rest_route=%2Fwp%2Fv2%2Fcategories&post=48965"},{"taxonomy":"post_tag","embeddable":true,"href":"https:\/\/encuentroinformativo.com.mx\/index.php?rest_route=%2Fwp%2Fv2%2Ftags&post=48965"}],"curies":[{"name":"wp","href":"https:\/\/api.w.org\/{rel}","templated":true}]}}