{"id":48967,"date":"2023-12-29T14:32:08","date_gmt":"2023-12-29T20:32:08","guid":{"rendered":"https:\/\/encuentroinformativo.com.mx\/?p=48967"},"modified":"2023-12-29T14:32:11","modified_gmt":"2023-12-29T20:32:11","slug":"reportan-saldo-blanco-en-atencion-a-migrantes","status":"publish","type":"post","link":"https:\/\/encuentroinformativo.com.mx\/?p=48967","title":{"rendered":"Reportan saldo blanco en atenci\u00f3n a migrantes"},"content":{"rendered":"\n<p><strong>Dar\u00edo Pale <\/strong><\/p>\n\n\n\n<p>Xalapa, Ver.- Hay saldo blanco en atenci\u00f3n a migrantes en la temporada vacacional decembrina, b\u00e1sicamente se les apoy\u00f3 con informaci\u00f3n y tr\u00e1mites burocr\u00e1ticos, as\u00ed lo informo el director de Atenci\u00f3n a Migrantes de la secretaria de Gobierno, Carlos Enrique Escalante Igual.<\/p>\n\n\n\n<p>En entrevista inform\u00f3 que la dependencia atendi\u00f3 solo tr\u00e1mites burocr\u00e1ticos y de informaci\u00f3n a los migrantes veracruzanos que retornaron a sus ciudades de origen por motivo de las fiestas decembrinas.<\/p>\n\n\n\n<p>&#8220;Afortunadamente si, vamos muy bien, han sido tr\u00e1mites muy sencillos, afortunadamente, nada que atender en la Secretar\u00eda de Salud y en la Secretaria de Seguridad&#8221;, se\u00f1al\u00f3.<\/p>\n\n\n\n<p>El funcionario estatal destac\u00f3 que dentro del programa de Atenci\u00f3n a Migrantes que &#8220;vamos muy bien, se ha atendido muy bien a toda la gente, entonces es b\u00e1sicamente informaci\u00f3n&#8221;.<\/p>\n\n\n\n<p>De ah\u00ed que no \u00a0ha habido ning\u00fan caso delicado, por lo que el funcionario estatal precis\u00f3 que los migrantes veracruzanos estar\u00edan retornando a Estados Unidos a principios de a\u00f1o para seguir con su trabajo, &#8220;ser\u00eda a partir del d\u00eda 2 de enero&#8221;.<\/p>\n\n\n\n<p>Finalmente se registr\u00f3 un gran n\u00famero de visitantes veracruzanos a los municipios de Misantla, Naolinco, la zona de Xico, Xalapa, todo lo que es la zona centro, adem\u00e1s de San Andr\u00e9s Tuxtla y Santiago Tuxtla&#8221;.<\/p>\n","protected":false},"excerpt":{"rendered":"<p>Dar\u00edo Pale Xalapa, Ver.- Hay saldo blanco en atenci\u00f3n a migrantes en la temporada vacacional decembrina, b\u00e1sicamente se les apoy\u00f3 con informaci\u00f3n y tr\u00e1mites burocr\u00e1ticos, as\u00ed lo informo el director de Atenci\u00f3n a Migrantes de la secretaria de Gobierno, Carlos Enrique Escalante Igual. En entrevista inform\u00f3 que la dependencia atendi\u00f3 solo tr\u00e1mites burocr\u00e1ticos y de [&hellip;]<\/p>\n","protected":false},"author":2476,"featured_media":48968,"comment_status":"open","ping_status":"open","sticky":false,"template":"","format":"standard","meta":{"_jetpack_memberships_contains_paid_content":false,"footnotes":""},"categories":[2],"tags":[],"class_list":["post-48967","post","type-post","status-publish","format-standard","has-post-thumbnail","hentry","category-estado"],"jetpack_featured_media_url":"https:\/\/encuentroinformativo.com.mx\/wp-content\/uploads\/2023\/12\/IMG-20231229-WA00192.jpg","jetpack_sharing_enabled":true,"jetpack_likes_enabled":true,"amp_enabled":true,"_links":{"self":[{"href":"https:\/\/encuentroinformativo.com.mx\/index.php?rest_route=\/wp\/v2\/posts\/48967","targetHints":{"allow":["GET"]}}],"collection":[{"href":"https:\/\/encuentroinformativo.com.mx\/index.php?rest_route=\/wp\/v2\/posts"}],"about":[{"href":"https:\/\/encuentroinformativo.com.mx\/index.php?rest_route=\/wp\/v2\/types\/post"}],"author":[{"embeddable":true,"href":"https:\/\/encuentroinformativo.com.mx\/index.php?rest_route=\/wp\/v2\/users\/2476"}],"replies":[{"embeddable":true,"href":"https:\/\/encuentroinformativo.com.mx\/index.php?rest_route=%2Fwp%2Fv2%2Fcomments&post=48967"}],"version-history":[{"count":1,"href":"https:\/\/encuentroinformativo.com.mx\/index.php?rest_route=\/wp\/v2\/posts\/48967\/revisions"}],"predecessor-version":[{"id":48969,"href":"https:\/\/encuentroinformativo.com.mx\/index.php?rest_route=\/wp\/v2\/posts\/48967\/revisions\/48969"}],"wp:featuredmedia":[{"embeddable":true,"href":"https:\/\/encuentroinformativo.com.mx\/index.php?rest_route=\/wp\/v2\/media\/48968"}],"wp:attachment":[{"href":"https:\/\/encuentroinformativo.com.mx\/index.php?rest_route=%2Fwp%2Fv2%2Fmedia&parent=48967"}],"wp:term":[{"taxonomy":"category","embeddable":true,"href":"https:\/\/encuentroinformativo.com.mx\/index.php?rest_route=%2Fwp%2Fv2%2Fcategories&post=48967"},{"taxonomy":"post_tag","embeddable":true,"href":"https:\/\/encuentroinformativo.com.mx\/index.php?rest_route=%2Fwp%2Fv2%2Ftags&post=48967"}],"curies":[{"name":"wp","href":"https:\/\/api.w.org\/{rel}","templated":true}]}}