{"id":48974,"date":"2023-12-29T14:44:56","date_gmt":"2023-12-29T20:44:56","guid":{"rendered":"https:\/\/encuentroinformativo.com.mx\/?p=48974"},"modified":"2023-12-29T14:45:00","modified_gmt":"2023-12-29T20:45:00","slug":"inspeccionara-sedema-presunta-contaminacion-de-alcoholera-en-atoyac","status":"publish","type":"post","link":"https:\/\/encuentroinformativo.com.mx\/?p=48974","title":{"rendered":"Inspeccionar\u00e1 SEDEMA presunta contaminaci\u00f3n de alcoholera en Atoyac"},"content":{"rendered":"\n<p><strong>Dar\u00edo Pale <\/strong><\/p>\n\n\n\n<p>Xalapa, Ver.- Sancionar\u00e1n alcoholera en caso que haya contaminaci\u00f3n en el r\u00edo Atoyac, as\u00ed lo dio a conocer el titular de la Secretar\u00eda de Medio Ambiente Juan Carlos Contreras Bautista.<\/p>\n\n\n\n<p>En entrevista se\u00f1al\u00f3 que debido a la queja que han presentado los campesinos del municipio de Atoyac, por la contaminaci\u00f3n al r\u00edo, se llevar\u00e1n a cabo var\u00edas inspecciones.<\/p>\n\n\n\n<p>Los ciudadanos denunciaron p\u00fablicamente que una alcoholera supuestamente contamina con descargas que hace en el afluente.<\/p>\n\n\n\n<p>\u201cVamos a realizar la visita y en caso que haya afectaciones haremos las acciones y se har\u00e1n los procedimientos y multas necesarias, pues pueden ir hasta millones de pesos, en caso que haya da\u00f1os\u201d, se\u00f1al\u00f3.<\/p>\n\n\n\n<p>Dio a conocer que se har\u00e1 la visita y que la Procuradur\u00eda del Medio Ambiente (PMA), act\u00fae contra los responsable en caso que se verifiquen las condiciones que son se\u00f1aladas.<\/p>\n\n\n\n<p>Por \u00faltimo cabe recordar que la queja la realiz\u00f3 Ram\u00f3n Pino M\u00e9ndez, l\u00edder de productores de ma\u00edz en la entidad veracruzana, qui\u00e9n en apoyo a los campesinos de la zona, se\u00f1al\u00f3 que existe preocupaci\u00f3n de los pobladores por la contaminaci\u00f3n, porque adem\u00e1s hay mortandad de peces.<\/p>\n","protected":false},"excerpt":{"rendered":"<p>Dar\u00edo Pale Xalapa, Ver.- Sancionar\u00e1n alcoholera en caso que haya contaminaci\u00f3n en el r\u00edo Atoyac, as\u00ed lo dio a conocer el titular de la Secretar\u00eda de Medio Ambiente Juan Carlos Contreras Bautista. En entrevista se\u00f1al\u00f3 que debido a la queja que han presentado los campesinos del municipio de Atoyac, por la contaminaci\u00f3n al r\u00edo, se [&hellip;]<\/p>\n","protected":false},"author":2476,"featured_media":48975,"comment_status":"open","ping_status":"open","sticky":false,"template":"","format":"standard","meta":{"_jetpack_memberships_contains_paid_content":false,"footnotes":""},"categories":[2],"tags":[],"class_list":["post-48974","post","type-post","status-publish","format-standard","has-post-thumbnail","hentry","category-estado"],"jetpack_featured_media_url":"https:\/\/encuentroinformativo.com.mx\/wp-content\/uploads\/2023\/12\/IMG-20231229-WA00372.jpg","jetpack_sharing_enabled":true,"jetpack_likes_enabled":true,"amp_enabled":true,"_links":{"self":[{"href":"https:\/\/encuentroinformativo.com.mx\/index.php?rest_route=\/wp\/v2\/posts\/48974","targetHints":{"allow":["GET"]}}],"collection":[{"href":"https:\/\/encuentroinformativo.com.mx\/index.php?rest_route=\/wp\/v2\/posts"}],"about":[{"href":"https:\/\/encuentroinformativo.com.mx\/index.php?rest_route=\/wp\/v2\/types\/post"}],"author":[{"embeddable":true,"href":"https:\/\/encuentroinformativo.com.mx\/index.php?rest_route=\/wp\/v2\/users\/2476"}],"replies":[{"embeddable":true,"href":"https:\/\/encuentroinformativo.com.mx\/index.php?rest_route=%2Fwp%2Fv2%2Fcomments&post=48974"}],"version-history":[{"count":1,"href":"https:\/\/encuentroinformativo.com.mx\/index.php?rest_route=\/wp\/v2\/posts\/48974\/revisions"}],"predecessor-version":[{"id":48976,"href":"https:\/\/encuentroinformativo.com.mx\/index.php?rest_route=\/wp\/v2\/posts\/48974\/revisions\/48976"}],"wp:featuredmedia":[{"embeddable":true,"href":"https:\/\/encuentroinformativo.com.mx\/index.php?rest_route=\/wp\/v2\/media\/48975"}],"wp:attachment":[{"href":"https:\/\/encuentroinformativo.com.mx\/index.php?rest_route=%2Fwp%2Fv2%2Fmedia&parent=48974"}],"wp:term":[{"taxonomy":"category","embeddable":true,"href":"https:\/\/encuentroinformativo.com.mx\/index.php?rest_route=%2Fwp%2Fv2%2Fcategories&post=48974"},{"taxonomy":"post_tag","embeddable":true,"href":"https:\/\/encuentroinformativo.com.mx\/index.php?rest_route=%2Fwp%2Fv2%2Ftags&post=48974"}],"curies":[{"name":"wp","href":"https:\/\/api.w.org\/{rel}","templated":true}]}}