{"id":48977,"date":"2023-12-29T14:51:37","date_gmt":"2023-12-29T20:51:37","guid":{"rendered":"https:\/\/encuentroinformativo.com.mx\/?p=48977"},"modified":"2023-12-29T14:51:43","modified_gmt":"2023-12-29T20:51:43","slug":"dictan-prision-preventiva-a-sujeto-que-asesino-a-su-madre-en-navidad","status":"publish","type":"post","link":"https:\/\/encuentroinformativo.com.mx\/?p=48977","title":{"rendered":"Dictan prisi\u00f3n preventiva a sujeto que asesin\u00f3 a su madre en Navidad"},"content":{"rendered":"\n<p><strong>Juan Arcos <\/strong><\/p>\n\n\n\n<p>Xalapa, Ver.- Abdiel Francisco \u201cN\u201d fue detenido e imputado como presunto responsable del delito de feminicidio en agravio de su madre Mar\u00eda Esther, de 62 a\u00f1os, por hechos ocurridos en el municipio de \u00c1ngel R. Cabada, en la zona sur del estado de Veracruz.<\/p>\n\n\n\n<p>La Fiscal\u00eda Especializada en Investigaci\u00f3n de Delitos de Violencia contra la Familia, Mujeres, Ni\u00f1as y Ni\u00f1os y Trata de Personas logr\u00f3 la imputaci\u00f3n de este sujeto, quien presuntamente mat\u00f3 a su mam\u00e1 a pedradas en plena Navidad, durante la madrugada del 25 de diciembre.<\/p>\n\n\n\n<p>De acuerdo con la Fiscal\u00eda General del Estado (FGE), el crimen sucedi\u00f3 al interior de un domicilio ubicado en la localidad Panatl\u00e1n, perteneciente al municipio de \u00c1ngel R. Cabada, cuando Francisco tir\u00f3 a su v\u00edctima sobre escombro y en el piso presuntamente la golpe\u00f3 hasta asesinarla.<\/p>\n\n\n\n<p>Un juez de control del Distrito Judicial de San Andr\u00e9s Tuxtla le dict\u00f3 la medida cautelar de prisi\u00f3n preventiva oficiosa por un periodo de dos a\u00f1os, dentro del proceso penal 553\/2023.<\/p>\n\n\n\n<p>Despu\u00e9s del feminicidio, el responsable huy\u00f3 y se manten\u00eda oculto para tratar de esquivar la justicia; sin embargo, a las 23:00 horas del jueves 29 de diciembre fue capturado por polic\u00edas ministeriales.<\/p>\n\n\n\n<p>El Registro Nacional de Detenciones de la Secretar\u00eda de Seguridad y Protecci\u00f3n Ciudadana (SSPC) inform\u00f3 que Abdiel Francisco fue arrestado sobre la calle Independencia de la comunidad Panatl\u00e1n.<\/p>\n\n\n\n<p>Despu\u00e9s fue presentado en la Sala de Juicios Orales del Distrito Judicial de San Andr\u00e9s Tuxtla, donde fue imputado por su probable responsabilidad en el delito de feminicidio.<\/p>\n\n\n\n<h3 class=\"wp-block-heading\">TR\u00c1GICO REENCUENTRO<\/h3>\n\n\n\n<p>De acuerdo con algunas versiones, Abdiel labor\u00f3 durante un tiempo en Empalme, estado de Sonora, y us\u00f3 las redes sociales para localizar a su madre, quien se hab\u00eda cambiado de domicilio a otra localidad.<\/p>\n\n\n\n<p>La ubic\u00f3 en Panatl\u00e1n hasta donde viaj\u00f3, recorriendo gran parte del pa\u00eds, para reencontrarse con ella. Su madre le hab\u00eda ofrecido alojamiento temporal en su vivienda.<\/p>\n\n\n\n<p>Fue as\u00ed como se unieron al festejo de la Nochebuena y Navidad. No obstante, seg\u00fan reportes extraoficiales, el sujeto abus\u00f3 del consumo de bebidas embriagantes y drogas, discuti\u00f3 con su madre y despu\u00e9s la asesin\u00f3.<\/p>\n\n\n\n<p>Abdiel intent\u00f3 escapar pero la noche del jueves fue detenido por la Polic\u00eda Ministerial y ahora pasar\u00e1 dos a\u00f1os en la c\u00e1rcel hasta que se dicte una sentencia en su contra por este caso.<\/p>\n","protected":false},"excerpt":{"rendered":"<p>Juan Arcos Xalapa, Ver.- Abdiel Francisco \u201cN\u201d fue detenido e imputado como presunto responsable del delito de feminicidio en agravio de su madre Mar\u00eda Esther, de 62 a\u00f1os, por hechos ocurridos en el municipio de \u00c1ngel R. Cabada, en la zona sur del estado de Veracruz. La Fiscal\u00eda Especializada en Investigaci\u00f3n de Delitos de Violencia [&hellip;]<\/p>\n","protected":false},"author":2476,"featured_media":48978,"comment_status":"open","ping_status":"open","sticky":false,"template":"","format":"standard","meta":{"_jetpack_memberships_contains_paid_content":false,"footnotes":""},"categories":[14],"tags":[],"class_list":["post-48977","post","type-post","status-publish","format-standard","has-post-thumbnail","hentry","category-policiaca"],"jetpack_featured_media_url":"https:\/\/encuentroinformativo.com.mx\/wp-content\/uploads\/2023\/12\/IMG_4792.jpg","jetpack_sharing_enabled":true,"jetpack_likes_enabled":true,"amp_enabled":true,"_links":{"self":[{"href":"https:\/\/encuentroinformativo.com.mx\/index.php?rest_route=\/wp\/v2\/posts\/48977","targetHints":{"allow":["GET"]}}],"collection":[{"href":"https:\/\/encuentroinformativo.com.mx\/index.php?rest_route=\/wp\/v2\/posts"}],"about":[{"href":"https:\/\/encuentroinformativo.com.mx\/index.php?rest_route=\/wp\/v2\/types\/post"}],"author":[{"embeddable":true,"href":"https:\/\/encuentroinformativo.com.mx\/index.php?rest_route=\/wp\/v2\/users\/2476"}],"replies":[{"embeddable":true,"href":"https:\/\/encuentroinformativo.com.mx\/index.php?rest_route=%2Fwp%2Fv2%2Fcomments&post=48977"}],"version-history":[{"count":1,"href":"https:\/\/encuentroinformativo.com.mx\/index.php?rest_route=\/wp\/v2\/posts\/48977\/revisions"}],"predecessor-version":[{"id":48979,"href":"https:\/\/encuentroinformativo.com.mx\/index.php?rest_route=\/wp\/v2\/posts\/48977\/revisions\/48979"}],"wp:featuredmedia":[{"embeddable":true,"href":"https:\/\/encuentroinformativo.com.mx\/index.php?rest_route=\/wp\/v2\/media\/48978"}],"wp:attachment":[{"href":"https:\/\/encuentroinformativo.com.mx\/index.php?rest_route=%2Fwp%2Fv2%2Fmedia&parent=48977"}],"wp:term":[{"taxonomy":"category","embeddable":true,"href":"https:\/\/encuentroinformativo.com.mx\/index.php?rest_route=%2Fwp%2Fv2%2Fcategories&post=48977"},{"taxonomy":"post_tag","embeddable":true,"href":"https:\/\/encuentroinformativo.com.mx\/index.php?rest_route=%2Fwp%2Fv2%2Ftags&post=48977"}],"curies":[{"name":"wp","href":"https:\/\/api.w.org\/{rel}","templated":true}]}}