{"id":48983,"date":"2023-12-30T16:51:36","date_gmt":"2023-12-30T22:51:36","guid":{"rendered":"https:\/\/encuentroinformativo.com.mx\/?p=48983"},"modified":"2023-12-30T16:51:40","modified_gmt":"2023-12-30T22:51:40","slug":"proximo-2-de-enero-vence-plazo-para-registrar-coaliciones-ople","status":"publish","type":"post","link":"https:\/\/encuentroinformativo.com.mx\/?p=48983","title":{"rendered":"Pr\u00f3ximo 2 de enero, vence plazo para registrar coaliciones: OPLE"},"content":{"rendered":"\n<p><strong>Dar\u00edo Pale <\/strong><\/p>\n\n\n\n<p>Xalapa, Ver.- La consejera presidenta del Organismo P\u00fablico Local Electoral (OPLE), Marisol Alicia Delgadillo Morales, dio a conocer que los partidos pol\u00edticos tienen hasta el 2 de enero para registrar sus convenios de coalici\u00f3n en la elecci\u00f3n a gobernador ante el Organismo electoral de Veracruz.<\/p>\n\n\n\n<p>En entrevista se\u00f1al\u00f3 que hasta ahora la coalici\u00f3n Fuerza y Coraz\u00f3n por Veracruz que integran el Partido Acci\u00f3n Nacional (PAN), de la Revoluci\u00f3n Democr\u00e1tica (PRD) y Revolucionario Institucional (PRI), es la \u00fanica coalici\u00f3n registrada.<\/p>\n\n\n\n<p>No obstante, la consejera indic\u00f3 \u00a0que esperan tambi\u00e9n la de Morena y sus aliados y que tendr\u00e1n 10 d\u00edas para aprobar las coaliciones que se hayan registrado.\u00a0<\/p>\n\n\n\n<p>\u201cEstamos en la etapa del cierre para el registro de las coaliciones que cierran el d\u00eda 2 de enero, estamos en los t\u00e9rminos para poder proceder a recibir los las solicitudes de registro y a partir de ah\u00ed tendremos 10 d\u00edas para dictaminar la procedencia de esta solicitudes\u201d, se\u00f1al\u00f3.<\/p>\n\n\n\n<p>Tambi\u00e9n est\u00e1 en proceso la etapa de la integraci\u00f3n de los Consejos Distritales dado que tienen como fecha l\u00edmite el 10 de enero para poder hacer las designaciones.<\/p>\n\n\n\n<p>El 15 de enero a m\u00e1s tardar d\u00edas tendr\u00e1n instalados \u00a0y se tendr\u00e1n que hacer la protesta de todos los consejer\u00edas que hayan sido designadas.<\/p>\n\n\n\n<p>Finalmente hizo un llamada a los actores pol\u00edticos donde se\u00f1al\u00f3, &#8220;estamos en presencia de un proceso que sin duda va a mover a la poblaci\u00f3n a informarse a estar en constante seguimiento de cada una de las etapas del proceso, y pues el llamado es a todos los actores pol\u00edticos para que contribuya a la certeza de la elecci\u00f3n y a la legalidad de la misma&#8221;.\u00a0<\/p>\n","protected":false},"excerpt":{"rendered":"<p>Dar\u00edo Pale Xalapa, Ver.- La consejera presidenta del Organismo P\u00fablico Local Electoral (OPLE), Marisol Alicia Delgadillo Morales, dio a conocer que los partidos pol\u00edticos tienen hasta el 2 de enero para registrar sus convenios de coalici\u00f3n en la elecci\u00f3n a gobernador ante el Organismo electoral de Veracruz. En entrevista se\u00f1al\u00f3 que hasta ahora la coalici\u00f3n [&hellip;]<\/p>\n","protected":false},"author":2476,"featured_media":48984,"comment_status":"open","ping_status":"open","sticky":false,"template":"","format":"standard","meta":{"_jetpack_memberships_contains_paid_content":false,"footnotes":""},"categories":[2],"tags":[],"class_list":["post-48983","post","type-post","status-publish","format-standard","has-post-thumbnail","hentry","category-estado"],"jetpack_featured_media_url":"https:\/\/encuentroinformativo.com.mx\/wp-content\/uploads\/2023\/12\/IMG-20231230-WA0019.jpg","jetpack_sharing_enabled":true,"jetpack_likes_enabled":true,"amp_enabled":true,"_links":{"self":[{"href":"https:\/\/encuentroinformativo.com.mx\/index.php?rest_route=\/wp\/v2\/posts\/48983","targetHints":{"allow":["GET"]}}],"collection":[{"href":"https:\/\/encuentroinformativo.com.mx\/index.php?rest_route=\/wp\/v2\/posts"}],"about":[{"href":"https:\/\/encuentroinformativo.com.mx\/index.php?rest_route=\/wp\/v2\/types\/post"}],"author":[{"embeddable":true,"href":"https:\/\/encuentroinformativo.com.mx\/index.php?rest_route=\/wp\/v2\/users\/2476"}],"replies":[{"embeddable":true,"href":"https:\/\/encuentroinformativo.com.mx\/index.php?rest_route=%2Fwp%2Fv2%2Fcomments&post=48983"}],"version-history":[{"count":1,"href":"https:\/\/encuentroinformativo.com.mx\/index.php?rest_route=\/wp\/v2\/posts\/48983\/revisions"}],"predecessor-version":[{"id":48985,"href":"https:\/\/encuentroinformativo.com.mx\/index.php?rest_route=\/wp\/v2\/posts\/48983\/revisions\/48985"}],"wp:featuredmedia":[{"embeddable":true,"href":"https:\/\/encuentroinformativo.com.mx\/index.php?rest_route=\/wp\/v2\/media\/48984"}],"wp:attachment":[{"href":"https:\/\/encuentroinformativo.com.mx\/index.php?rest_route=%2Fwp%2Fv2%2Fmedia&parent=48983"}],"wp:term":[{"taxonomy":"category","embeddable":true,"href":"https:\/\/encuentroinformativo.com.mx\/index.php?rest_route=%2Fwp%2Fv2%2Fcategories&post=48983"},{"taxonomy":"post_tag","embeddable":true,"href":"https:\/\/encuentroinformativo.com.mx\/index.php?rest_route=%2Fwp%2Fv2%2Ftags&post=48983"}],"curies":[{"name":"wp","href":"https:\/\/api.w.org\/{rel}","templated":true}]}}