{"id":48989,"date":"2023-12-30T18:22:15","date_gmt":"2023-12-31T00:22:15","guid":{"rendered":"https:\/\/encuentroinformativo.com.mx\/?p=48989"},"modified":"2023-12-30T18:22:19","modified_gmt":"2023-12-31T00:22:19","slug":"se-preparan-empresarios-para-cuesta-de-enero","status":"publish","type":"post","link":"https:\/\/encuentroinformativo.com.mx\/?p=48989","title":{"rendered":"Se preparan empresarios para cuesta de enero"},"content":{"rendered":"\n<p><strong>Dar\u00edo Pale <\/strong><\/p>\n\n\n\n<p>Xalapa, Ver.- El presidente de la Canaco-Xalapa, Carlos Luna dio a conocer que se tienen que preparar para la &#8220;cuesta de enero&#8221;, ya que viene fuerte, esto a pesar de ser a\u00f1o electoral &#8220;ser\u00e1 muy complejo&#8221;.<\/p>\n\n\n\n<p>En entrevista alert\u00f3 que la llamada &#8220;cuesta de enero&#8221; viene fuerte y durar\u00e1 varios meses.<\/p>\n\n\n\n<p>&#8220;No ser\u00e1 cuesta de Enero, ser\u00e1 cuesta de febrero, marzo y abril, es decir, hay que tener cuidado con el gasto que se realizar\u00e1 en estos inicios de a\u00f1o, porque la econom\u00eda estar\u00e1 muy golpeada, muy vapuleada&#8221;, se\u00f1al\u00f3.<\/p>\n\n\n\n<p>El lider empresarial precis\u00f3 que lo anterior obedece a\u00a0 cuestiones por el salario, como otras afectaciones que le est\u00e1n haciendo al sector\u00a0 privado.<\/p>\n\n\n\n<p>&#8220;Vamos a tener un a\u00f1o muy complejo en materia econ\u00f3mica, no se ve en este momento ninguna pol\u00edtica p\u00fablica en raz\u00f3n de la productividad a nivel nacional. Estamos hablando de que ser\u00e1 electoral y de alguna manera impactar\u00e1 completamente a la econom\u00eda en todas sus escalas&#8221;, coment\u00f3.<\/p>\n\n\n\n<p>La cuesta de enero es un fen\u00f3meno econ\u00f3mico que ocurre cada a\u00f1o como causa de la inflaci\u00f3n.<\/p>\n\n\n\n<p>Por \u00faltimo se\u00f1al\u00f3 que junto con el incremento de los precios en productos y servicios, tambi\u00e9n hay que sumar el gasto desmedido por las celebraciones de fin de a\u00f1o, por ello, cuando inicia uno nuevo, la capacidad de pagar las obligaciones y necesidades puede ser complicado y m\u00e1s a\u00fan si se acumularon deudas.<\/p>\n","protected":false},"excerpt":{"rendered":"<p>Dar\u00edo Pale Xalapa, Ver.- El presidente de la Canaco-Xalapa, Carlos Luna dio a conocer que se tienen que preparar para la &#8220;cuesta de enero&#8221;, ya que viene fuerte, esto a pesar de ser a\u00f1o electoral &#8220;ser\u00e1 muy complejo&#8221;. En entrevista alert\u00f3 que la llamada &#8220;cuesta de enero&#8221; viene fuerte y durar\u00e1 varios meses. &#8220;No ser\u00e1 [&hellip;]<\/p>\n","protected":false},"author":2476,"featured_media":48990,"comment_status":"open","ping_status":"open","sticky":false,"template":"","format":"standard","meta":{"_jetpack_memberships_contains_paid_content":false,"footnotes":""},"categories":[3],"tags":[],"class_list":["post-48989","post","type-post","status-publish","format-standard","has-post-thumbnail","hentry","category-xalapa"],"jetpack_featured_media_url":"https:\/\/encuentroinformativo.com.mx\/wp-content\/uploads\/2023\/12\/IMG-20231230-WA00712.jpg","jetpack_sharing_enabled":true,"jetpack_likes_enabled":true,"amp_enabled":true,"_links":{"self":[{"href":"https:\/\/encuentroinformativo.com.mx\/index.php?rest_route=\/wp\/v2\/posts\/48989","targetHints":{"allow":["GET"]}}],"collection":[{"href":"https:\/\/encuentroinformativo.com.mx\/index.php?rest_route=\/wp\/v2\/posts"}],"about":[{"href":"https:\/\/encuentroinformativo.com.mx\/index.php?rest_route=\/wp\/v2\/types\/post"}],"author":[{"embeddable":true,"href":"https:\/\/encuentroinformativo.com.mx\/index.php?rest_route=\/wp\/v2\/users\/2476"}],"replies":[{"embeddable":true,"href":"https:\/\/encuentroinformativo.com.mx\/index.php?rest_route=%2Fwp%2Fv2%2Fcomments&post=48989"}],"version-history":[{"count":1,"href":"https:\/\/encuentroinformativo.com.mx\/index.php?rest_route=\/wp\/v2\/posts\/48989\/revisions"}],"predecessor-version":[{"id":48991,"href":"https:\/\/encuentroinformativo.com.mx\/index.php?rest_route=\/wp\/v2\/posts\/48989\/revisions\/48991"}],"wp:featuredmedia":[{"embeddable":true,"href":"https:\/\/encuentroinformativo.com.mx\/index.php?rest_route=\/wp\/v2\/media\/48990"}],"wp:attachment":[{"href":"https:\/\/encuentroinformativo.com.mx\/index.php?rest_route=%2Fwp%2Fv2%2Fmedia&parent=48989"}],"wp:term":[{"taxonomy":"category","embeddable":true,"href":"https:\/\/encuentroinformativo.com.mx\/index.php?rest_route=%2Fwp%2Fv2%2Fcategories&post=48989"},{"taxonomy":"post_tag","embeddable":true,"href":"https:\/\/encuentroinformativo.com.mx\/index.php?rest_route=%2Fwp%2Fv2%2Ftags&post=48989"}],"curies":[{"name":"wp","href":"https:\/\/api.w.org\/{rel}","templated":true}]}}