{"id":48992,"date":"2023-12-30T18:45:13","date_gmt":"2023-12-31T00:45:13","guid":{"rendered":"https:\/\/encuentroinformativo.com.mx\/?p=48992"},"modified":"2023-12-30T18:45:17","modified_gmt":"2023-12-31T00:45:17","slug":"veracruz-necesita-liderazgo-fuerte-y-cercano-pepe-yunes","status":"publish","type":"post","link":"https:\/\/encuentroinformativo.com.mx\/?p=48992","title":{"rendered":"Veracruz necesita liderazgo fuerte y cercano: Pepe Yunes"},"content":{"rendered":"\n<p><strong>Alejandro \u00c1vila<\/strong><\/p>\n\n\n\n<p>Veracruz, Ver.- Jos\u00e9 Francisco Yunes Zorrilla, dio su primer discurso como candidato oficial de la coalici\u00f3n &#8220;Fuerza y Coraz\u00f3n por Veracruz&#8221;, donde inst\u00f3 a los liderazgos y simpatizantes de los tres partidos que lo respaldan a trabajar para ganar la pr\u00f3xima elecci\u00f3n, y as\u00ed concretar mejores empleos y condiciones de vida para los veracruzanos.<\/p>\n\n\n\n<p>&#8220;Veracruz sabe qu\u00e9 le conviene, le conviene un liderazgo fuerte, veracruzano, cercano, con capacidad de respuesta, con claridad de las soluciones, y eso es lo que les entregaremos con su trabajo el pr\u00f3ximo 2 de junio&#8221;, puntualiz\u00f3.<\/p>\n\n\n\n<p>Pepe Yunes enfatiz\u00f3 que Veracruz necesita un gobierno y liderazgo de verdad, cercano a la gente y que sobre todo conozca la realidad de los municipios, para poder resolver sus problemas.<\/p>\n\n\n\n<p>&#8220;Que sienta la necesidad que agobia al sector productivo o al ama de casa en su hogar, que tenga claridad de que debe proteger a qui\u00e9n siente como suyos, eso implica ser un veracruzano de verdad, y verdad es lo que est\u00e1n reclamando en todas las calles, en todos los municipios, en todos los distritos y regiones del Estado de Veracruz&#8221;, refrend\u00f3.<\/p>\n\n\n\n<p>El candidato de la oposici\u00f3n, Pepe Yunes, asegur\u00f3 que los veracruzanos no van a perder nada de lo que ya han logrado en programas sociales y acciones de gobierno, y destac\u00f3 que estos se van a aumentar y mejorar.<\/p>\n\n\n\n<p>&#8220;Hoy los veracruzanos no viven bien, hoy los veracruzanos tienen una mala vida porque hay un gobierno ausente, porque hay un gobierno corrupto que se apropia de la riqueza de la gente, porque hay un gobierno insensible a la enfermedad, al dolor, al miedo que el veracruzano todos los d\u00edas padece inexplicablemente, si ustedes se preguntan, por qu\u00e9 organizarnos, salir a trabajar y ganar la pr\u00f3xima elecci\u00f3n, la respuesta es una, sola y clara, es por Veracruz y es por los veracruzanos&#8221;, asest\u00f3.<\/p>\n\n\n\n<p>Cabe recordar que por la ma\u00f1ana de este s\u00e1bado 30 de diciembre, los representantes del PRI, Adolfo Ram\u00edrez; del PAN, Federico Salom\u00f3n; y del PRD, Sergio Cadena; firmaron y confirmaron ante el OPLE Veracruz la coalici\u00f3n &#8220;Fuerza y Coraz\u00f3n por Veracruz&#8221;, que encabezar\u00e1 el perote\u00f1o, Jos\u00e9 Francisco Yunes Zorrilla.<\/p>\n","protected":false},"excerpt":{"rendered":"<p>Alejandro \u00c1vila Veracruz, Ver.- Jos\u00e9 Francisco Yunes Zorrilla, dio su primer discurso como candidato oficial de la coalici\u00f3n &#8220;Fuerza y Coraz\u00f3n por Veracruz&#8221;, donde inst\u00f3 a los liderazgos y simpatizantes de los tres partidos que lo respaldan a trabajar para ganar la pr\u00f3xima elecci\u00f3n, y as\u00ed concretar mejores empleos y condiciones de vida para los [&hellip;]<\/p>\n","protected":false},"author":2476,"featured_media":48993,"comment_status":"open","ping_status":"open","sticky":false,"template":"","format":"standard","meta":{"_jetpack_memberships_contains_paid_content":false,"footnotes":""},"categories":[2],"tags":[],"class_list":["post-48992","post","type-post","status-publish","format-standard","has-post-thumbnail","hentry","category-estado"],"jetpack_featured_media_url":"https:\/\/encuentroinformativo.com.mx\/wp-content\/uploads\/2023\/12\/IMG-20231230-WA0054.jpg","jetpack_sharing_enabled":true,"jetpack_likes_enabled":true,"amp_enabled":true,"_links":{"self":[{"href":"https:\/\/encuentroinformativo.com.mx\/index.php?rest_route=\/wp\/v2\/posts\/48992","targetHints":{"allow":["GET"]}}],"collection":[{"href":"https:\/\/encuentroinformativo.com.mx\/index.php?rest_route=\/wp\/v2\/posts"}],"about":[{"href":"https:\/\/encuentroinformativo.com.mx\/index.php?rest_route=\/wp\/v2\/types\/post"}],"author":[{"embeddable":true,"href":"https:\/\/encuentroinformativo.com.mx\/index.php?rest_route=\/wp\/v2\/users\/2476"}],"replies":[{"embeddable":true,"href":"https:\/\/encuentroinformativo.com.mx\/index.php?rest_route=%2Fwp%2Fv2%2Fcomments&post=48992"}],"version-history":[{"count":1,"href":"https:\/\/encuentroinformativo.com.mx\/index.php?rest_route=\/wp\/v2\/posts\/48992\/revisions"}],"predecessor-version":[{"id":48994,"href":"https:\/\/encuentroinformativo.com.mx\/index.php?rest_route=\/wp\/v2\/posts\/48992\/revisions\/48994"}],"wp:featuredmedia":[{"embeddable":true,"href":"https:\/\/encuentroinformativo.com.mx\/index.php?rest_route=\/wp\/v2\/media\/48993"}],"wp:attachment":[{"href":"https:\/\/encuentroinformativo.com.mx\/index.php?rest_route=%2Fwp%2Fv2%2Fmedia&parent=48992"}],"wp:term":[{"taxonomy":"category","embeddable":true,"href":"https:\/\/encuentroinformativo.com.mx\/index.php?rest_route=%2Fwp%2Fv2%2Fcategories&post=48992"},{"taxonomy":"post_tag","embeddable":true,"href":"https:\/\/encuentroinformativo.com.mx\/index.php?rest_route=%2Fwp%2Fv2%2Ftags&post=48992"}],"curies":[{"name":"wp","href":"https:\/\/api.w.org\/{rel}","templated":true}]}}