{"id":49004,"date":"2023-12-31T16:08:03","date_gmt":"2023-12-31T22:08:03","guid":{"rendered":"https:\/\/encuentroinformativo.com.mx\/?p=49004"},"modified":"2023-12-31T16:08:08","modified_gmt":"2023-12-31T22:08:08","slug":"se-quejan-vecinos-por-montoneras-de-basura-en-coatepec","status":"publish","type":"post","link":"https:\/\/encuentroinformativo.com.mx\/?p=49004","title":{"rendered":"Se quejan vecinos por montoneras de basura en Coatepec"},"content":{"rendered":"\n<p><strong>Juan Arcos <\/strong><\/p>\n\n\n\n<p>Coatepec, Ver.- En el municipio de Coatepec aumentaron las quejas por la falta del servicio de recolecci\u00f3n de residuos s\u00f3lidos urbanos en distintas zonas del pueblo m\u00e1gico.<\/p>\n\n\n\n<p>Los pobladores indicaron que el cami\u00f3n recolector no ha pasado por sus viviendas desde el pasado 24 de diciembre por los festejos decembrinos.<\/p>\n\n\n\n<p>El ayuntamiento de Coatepec hab\u00eda informado que el servicio se reactivar\u00eda el martes 26 de diciembre; sin embargo, no fue as\u00ed y han aumentado las quejas al respecto.<\/p>\n\n\n\n<p>Durante un recorrido se constat\u00f3 que hay basura afuera de las casas sobre toda la calle An\u00e1huac, desde Miguel Rebolledo, lo que da una p\u00e9sima imagen al Pueblo M\u00e1gico, cercano a Xalapa, la capital de Veracruz.<\/p>\n\n\n\n<p>Tambi\u00e9n se observan varias \u201cmonta\u00f1as\u201d de basura sobre la calle Andr\u00e9s Quintana Roo, en las inmediaciones del Cerro de las Culebras, uno de los atractivos tur\u00edsticos de Coatepec.<\/p>\n\n\n\n<p>La gente exigi\u00f3 al alcalde Raymundo Andrade Rivera que se garantice dicho servicio en el municipio, pues la gente pag\u00f3 el impuesto de limpia p\u00fablica.<\/p>\n\n\n\n<p>&#8220;Lo que queremos es que haya servicio, entendemos que se tomen unos d\u00edas por las fiestas pero no pueden dejar al pueblo sin servicio de recolecci\u00f3n de basura\u201d, increparon.<\/p>\n\n\n\n<p>El ayuntamiento difundi\u00f3 un nuevo aviso donde anuncia la suspensi\u00f3n del servicio de limpia p\u00fablica para el d\u00eda lunes 1 de enero.<\/p>\n\n\n\n<p>\u201cLa recolecci\u00f3n se reanuda al d\u00eda siguiente del habitual para cada ruta\u201d, se lee en el mensaje del gobierno municipal de Coatepec.<\/p>\n","protected":false},"excerpt":{"rendered":"<p>Juan Arcos Coatepec, Ver.- En el municipio de Coatepec aumentaron las quejas por la falta del servicio de recolecci\u00f3n de residuos s\u00f3lidos urbanos en distintas zonas del pueblo m\u00e1gico. Los pobladores indicaron que el cami\u00f3n recolector no ha pasado por sus viviendas desde el pasado 24 de diciembre por los festejos decembrinos. El ayuntamiento de [&hellip;]<\/p>\n","protected":false},"author":2476,"featured_media":49005,"comment_status":"open","ping_status":"open","sticky":false,"template":"","format":"standard","meta":{"_jetpack_memberships_contains_paid_content":false,"footnotes":""},"categories":[8],"tags":[],"class_list":["post-49004","post","type-post","status-publish","format-standard","has-post-thumbnail","hentry","category-region"],"jetpack_featured_media_url":"https:\/\/encuentroinformativo.com.mx\/wp-content\/uploads\/2023\/12\/IMG_4764.jpg","jetpack_sharing_enabled":true,"jetpack_likes_enabled":true,"amp_enabled":true,"_links":{"self":[{"href":"https:\/\/encuentroinformativo.com.mx\/index.php?rest_route=\/wp\/v2\/posts\/49004","targetHints":{"allow":["GET"]}}],"collection":[{"href":"https:\/\/encuentroinformativo.com.mx\/index.php?rest_route=\/wp\/v2\/posts"}],"about":[{"href":"https:\/\/encuentroinformativo.com.mx\/index.php?rest_route=\/wp\/v2\/types\/post"}],"author":[{"embeddable":true,"href":"https:\/\/encuentroinformativo.com.mx\/index.php?rest_route=\/wp\/v2\/users\/2476"}],"replies":[{"embeddable":true,"href":"https:\/\/encuentroinformativo.com.mx\/index.php?rest_route=%2Fwp%2Fv2%2Fcomments&post=49004"}],"version-history":[{"count":1,"href":"https:\/\/encuentroinformativo.com.mx\/index.php?rest_route=\/wp\/v2\/posts\/49004\/revisions"}],"predecessor-version":[{"id":49006,"href":"https:\/\/encuentroinformativo.com.mx\/index.php?rest_route=\/wp\/v2\/posts\/49004\/revisions\/49006"}],"wp:featuredmedia":[{"embeddable":true,"href":"https:\/\/encuentroinformativo.com.mx\/index.php?rest_route=\/wp\/v2\/media\/49005"}],"wp:attachment":[{"href":"https:\/\/encuentroinformativo.com.mx\/index.php?rest_route=%2Fwp%2Fv2%2Fmedia&parent=49004"}],"wp:term":[{"taxonomy":"category","embeddable":true,"href":"https:\/\/encuentroinformativo.com.mx\/index.php?rest_route=%2Fwp%2Fv2%2Fcategories&post=49004"},{"taxonomy":"post_tag","embeddable":true,"href":"https:\/\/encuentroinformativo.com.mx\/index.php?rest_route=%2Fwp%2Fv2%2Ftags&post=49004"}],"curies":[{"name":"wp","href":"https:\/\/api.w.org\/{rel}","templated":true}]}}