{"id":49007,"date":"2024-01-01T15:00:21","date_gmt":"2024-01-01T21:00:21","guid":{"rendered":"https:\/\/encuentroinformativo.com.mx\/?p=49007"},"modified":"2024-01-01T15:00:27","modified_gmt":"2024-01-01T21:00:27","slug":"amagan-comerciantes-con-manifestacion-en-las-trancas","status":"publish","type":"post","link":"https:\/\/encuentroinformativo.com.mx\/?p=49007","title":{"rendered":"Amagan comerciantes con manifestaci\u00f3n en Las Trancas"},"content":{"rendered":"\n<p><strong>Juan Arcos <\/strong><\/p>\n\n\n\n<p>Xalapa, Ver.- Los comerciantes formales de Las Trancas, en los l\u00edmites de Xalapa con Emiliano Zapata, exigieron a las autoridades que reabran la vialidad en la calle Principal para que mejoren sus ventas.<\/p>\n\n\n\n<p>La gente exigi\u00f3 la apertura de la calle en la zona de la Iglesia del Sagrado Coraz\u00f3n de Jes\u00fas para desfogar el tr\u00e1fico generado por la apertura del Paso Superior Vehicular (PSV), reci\u00e9n construido sobre la carretera federal Xalapa-Veracruz.<\/p>\n\n\n\n<p>\u201cComo comerciantes necesitamos que ya est\u00e9 abierto este espacio aqu\u00ed en la zona de las trancas porque ya abrieron el puente, ah\u00ed por la colonia El Olmo, entonces sigue cerrado aqu\u00ed enfrente de la Iglesia del Sagrado Coraz\u00f3n de Jes\u00fas\u201d.<\/p>\n\n\n\n<p>De manera an\u00f3nima por temor a represalias, exigieron al gobierno estatal que retire las vallas de concreto lo antes posible, ya que lleva nueve meses cerrado y ahora es innecesario.<\/p>\n\n\n\n<p>\u201cHacemos el llamado al gobierno del Estado que esperemos que ya esta semana, la primera semana de enero, ya quiten las vallas esas de concreto que est\u00e1n ah\u00ed ahora si estorbando porque ya no hay necesidad\u201d, expresaron.<\/p>\n\n\n\n<p>Los vendedores establecidos no descartan la posibilidad de llevar a cabo manifestaciones en Las Trancas para exigir la apertura de la vialidad, misma que fue cerrada por la construcci\u00f3n del puente, pero la obra ya se culmin\u00f3.<\/p>\n\n\n\n<p>\u201cQuien sabe por qu\u00e9 contin\u00faan con el cierre de este acceso, es muy importante porque as\u00ed desfogar\u00edan a\u00fan m\u00e1s el tr\u00e1fico que se genera y solamente hay paso hacia Ojo de Agua, pero los que vienen de ac\u00e1 de Coatepec cuando normalmente el paso es desde all\u00e1 por la zona del Olmo hacia ac\u00e1 abajo y luego continuar a la carretera hacia Coatepec pero vemos que se est\u00e1n tardando bastante entonces esperemos que ya pronto nos puedan resolver amigo porque esto ya fueron casi nueve meses, empezaron a trabajar en abril y mira apenas este s\u00e1bado en la tarde abrieron y ya urge, urge\u201d, remataron.<\/p>\n","protected":false},"excerpt":{"rendered":"<p>Juan Arcos Xalapa, Ver.- Los comerciantes formales de Las Trancas, en los l\u00edmites de Xalapa con Emiliano Zapata, exigieron a las autoridades que reabran la vialidad en la calle Principal para que mejoren sus ventas. La gente exigi\u00f3 la apertura de la calle en la zona de la Iglesia del Sagrado Coraz\u00f3n de Jes\u00fas para [&hellip;]<\/p>\n","protected":false},"author":2476,"featured_media":49008,"comment_status":"open","ping_status":"open","sticky":false,"template":"","format":"standard","meta":{"_jetpack_memberships_contains_paid_content":false,"footnotes":""},"categories":[8],"tags":[],"class_list":["post-49007","post","type-post","status-publish","format-standard","has-post-thumbnail","hentry","category-region"],"jetpack_featured_media_url":"https:\/\/encuentroinformativo.com.mx\/wp-content\/uploads\/2024\/01\/b1b4c94b-881b-4448-beb4-3088349b0f1e.jpg","jetpack_sharing_enabled":true,"jetpack_likes_enabled":true,"amp_enabled":true,"_links":{"self":[{"href":"https:\/\/encuentroinformativo.com.mx\/index.php?rest_route=\/wp\/v2\/posts\/49007","targetHints":{"allow":["GET"]}}],"collection":[{"href":"https:\/\/encuentroinformativo.com.mx\/index.php?rest_route=\/wp\/v2\/posts"}],"about":[{"href":"https:\/\/encuentroinformativo.com.mx\/index.php?rest_route=\/wp\/v2\/types\/post"}],"author":[{"embeddable":true,"href":"https:\/\/encuentroinformativo.com.mx\/index.php?rest_route=\/wp\/v2\/users\/2476"}],"replies":[{"embeddable":true,"href":"https:\/\/encuentroinformativo.com.mx\/index.php?rest_route=%2Fwp%2Fv2%2Fcomments&post=49007"}],"version-history":[{"count":1,"href":"https:\/\/encuentroinformativo.com.mx\/index.php?rest_route=\/wp\/v2\/posts\/49007\/revisions"}],"predecessor-version":[{"id":49009,"href":"https:\/\/encuentroinformativo.com.mx\/index.php?rest_route=\/wp\/v2\/posts\/49007\/revisions\/49009"}],"wp:featuredmedia":[{"embeddable":true,"href":"https:\/\/encuentroinformativo.com.mx\/index.php?rest_route=\/wp\/v2\/media\/49008"}],"wp:attachment":[{"href":"https:\/\/encuentroinformativo.com.mx\/index.php?rest_route=%2Fwp%2Fv2%2Fmedia&parent=49007"}],"wp:term":[{"taxonomy":"category","embeddable":true,"href":"https:\/\/encuentroinformativo.com.mx\/index.php?rest_route=%2Fwp%2Fv2%2Fcategories&post=49007"},{"taxonomy":"post_tag","embeddable":true,"href":"https:\/\/encuentroinformativo.com.mx\/index.php?rest_route=%2Fwp%2Fv2%2Ftags&post=49007"}],"curies":[{"name":"wp","href":"https:\/\/api.w.org\/{rel}","templated":true}]}}