{"id":49017,"date":"2024-01-01T16:58:28","date_gmt":"2024-01-01T22:58:28","guid":{"rendered":"https:\/\/encuentroinformativo.com.mx\/?p=49017"},"modified":"2024-01-01T16:58:33","modified_gmt":"2024-01-01T22:58:33","slug":"en-orden-y-con-saldo-blanco-se-llevo-a-cabo-el-operativo-amanecer-en-boca-del-rio-alcalde-jm-unanue","status":"publish","type":"post","link":"https:\/\/encuentroinformativo.com.mx\/?p=49017","title":{"rendered":"En orden y con saldo blanco se llev\u00f3 a cabo el operativo amanecer en Boca del R\u00edo: Alcalde JM Un\u00e1nue"},"content":{"rendered":"\n<p><strong>*<em>Desde temprana hora se realizaron los trabajos de limpieza a lo largo de los bulevares Vicente Fox y Manuel \u00c1vila Camacho, as\u00ed como en el resto de la ciudad<\/em>.<\/strong><\/p>\n\n\n\n<p>Boca del R\u00edo, Ver.- Previo y durante la llegada del primer d\u00eda de a\u00f1o nuevo, las diferentes \u00e1reas del Ayuntamiento de Boca del R\u00edo llevaron a cabo el \u201cOperativo Amanecer\u201d en los distintos puntos de concurrencia de la ciudad arrojando saldo blanco.<\/p>\n\n\n\n<p>As\u00ed lo inform\u00f3 el alcalde Juan Manuel Un\u00e1nue Abascal, destacando el orden y la buena respuesta de los asistentes para desalojar el bulevar en las primeras horas de la ma\u00f1ana para dar paso a los trabajos de limpieza.<\/p>\n\n\n\n<p>\u201cComo cada primer d\u00eda del a\u00f1o implementamos un operativo con las diferentes \u00e1reas del ayuntamiento, invitamos de manera pac\u00edfica a que se retiraran los asistentes para permitir que nuestro personal de limpia p\u00fablica dejara el bulevar en \u00f3ptimas condiciones para todos aquellos que quieran seguir disfrutando de la ciudad.<\/p>\n\n\n\n<p>\u201cAfortunadamente en el transcurso de la noche del 31 y este primero de enero tuvimos saldo blanco, eso s\u00ed con mucho turismo y derrama econ\u00f3mica importante que le viene bien a la ciudad y a los boque\u00f1os en general\u201d, expres\u00f3 el edil.<\/p>\n\n\n\n<p>Asimismo, el alcalde coment\u00f3 que en el operativo participaron m\u00e1s de 200 elementos elementos integrados por la Direcci\u00f3n de Gobernaci\u00f3n, Protecci\u00f3n Civil, Polic\u00eda Municipal, Tr\u00e1nsito Municipal, Comercio, Obras P\u00fablicas y Mantenimiento Urbano, sumando el apoyo de la Guardia Nacional, Polic\u00eda Naval y Polic\u00eda Estatal.<\/p>\n\n\n\n<p><em>PREDIAL 2024<\/em><\/p>\n\n\n\n<p>Por \u00faltimo, el alcalde Juan Manuel Un\u00e1nue dio a conocer que este martes 2 de enero da inicio la campa\u00f1a del cobro de predial, el cual estar\u00e1 vigente durante todo el mes con descuentos del 20% al p\u00fablico en general y 50% a jubilados, pensionados y de la tercera edad.<\/p>\n\n\n\n<p>En esta ocasi\u00f3n los m\u00f3dulos para realizar dicho pago son: Palacio Municipal, Oficinas CAB Ruiz Cortines, Plaza Sol, Bomberos Conurbados en el Fracc. Virginia, en Las Vegas 2 y en el Aula Digital del Dren B, o directamente en www.bocadelrio.gob.mx<\/p>\n\n\n\n<figure class=\"wp-block-image size-large\"><img loading=\"lazy\" decoding=\"async\" width=\"1024\" height=\"665\" src=\"https:\/\/encuentroinformativo.com.mx\/wp-content\/uploads\/2024\/01\/Screenshot_20240101-165519-1024x665.png\" alt=\"\" class=\"wp-image-49019\" srcset=\"https:\/\/encuentroinformativo.com.mx\/wp-content\/uploads\/2024\/01\/Screenshot_20240101-165519-1024x665.png 1024w, https:\/\/encuentroinformativo.com.mx\/wp-content\/uploads\/2024\/01\/Screenshot_20240101-165519-300x195.png 300w, https:\/\/encuentroinformativo.com.mx\/wp-content\/uploads\/2024\/01\/Screenshot_20240101-165519-768x498.png 768w, https:\/\/encuentroinformativo.com.mx\/wp-content\/uploads\/2024\/01\/Screenshot_20240101-165519.png 1080w\" sizes=\"auto, (max-width: 1024px) 100vw, 1024px\" \/><\/figure>\n","protected":false},"excerpt":{"rendered":"<p>*Desde temprana hora se realizaron los trabajos de limpieza a lo largo de los bulevares Vicente Fox y Manuel \u00c1vila Camacho, as\u00ed como en el resto de la ciudad. Boca del R\u00edo, Ver.- Previo y durante la llegada del primer d\u00eda de a\u00f1o nuevo, las diferentes \u00e1reas del Ayuntamiento de Boca del R\u00edo llevaron a [&hellip;]<\/p>\n","protected":false},"author":2476,"featured_media":49018,"comment_status":"open","ping_status":"open","sticky":false,"template":"","format":"standard","meta":{"_jetpack_memberships_contains_paid_content":false,"footnotes":""},"categories":[2],"tags":[],"class_list":["post-49017","post","type-post","status-publish","format-standard","has-post-thumbnail","hentry","category-estado"],"jetpack_featured_media_url":"https:\/\/encuentroinformativo.com.mx\/wp-content\/uploads\/2024\/01\/Screenshot_20240101-165535.png","jetpack_sharing_enabled":true,"jetpack_likes_enabled":true,"amp_enabled":true,"_links":{"self":[{"href":"https:\/\/encuentroinformativo.com.mx\/index.php?rest_route=\/wp\/v2\/posts\/49017","targetHints":{"allow":["GET"]}}],"collection":[{"href":"https:\/\/encuentroinformativo.com.mx\/index.php?rest_route=\/wp\/v2\/posts"}],"about":[{"href":"https:\/\/encuentroinformativo.com.mx\/index.php?rest_route=\/wp\/v2\/types\/post"}],"author":[{"embeddable":true,"href":"https:\/\/encuentroinformativo.com.mx\/index.php?rest_route=\/wp\/v2\/users\/2476"}],"replies":[{"embeddable":true,"href":"https:\/\/encuentroinformativo.com.mx\/index.php?rest_route=%2Fwp%2Fv2%2Fcomments&post=49017"}],"version-history":[{"count":1,"href":"https:\/\/encuentroinformativo.com.mx\/index.php?rest_route=\/wp\/v2\/posts\/49017\/revisions"}],"predecessor-version":[{"id":49020,"href":"https:\/\/encuentroinformativo.com.mx\/index.php?rest_route=\/wp\/v2\/posts\/49017\/revisions\/49020"}],"wp:featuredmedia":[{"embeddable":true,"href":"https:\/\/encuentroinformativo.com.mx\/index.php?rest_route=\/wp\/v2\/media\/49018"}],"wp:attachment":[{"href":"https:\/\/encuentroinformativo.com.mx\/index.php?rest_route=%2Fwp%2Fv2%2Fmedia&parent=49017"}],"wp:term":[{"taxonomy":"category","embeddable":true,"href":"https:\/\/encuentroinformativo.com.mx\/index.php?rest_route=%2Fwp%2Fv2%2Fcategories&post=49017"},{"taxonomy":"post_tag","embeddable":true,"href":"https:\/\/encuentroinformativo.com.mx\/index.php?rest_route=%2Fwp%2Fv2%2Ftags&post=49017"}],"curies":[{"name":"wp","href":"https:\/\/api.w.org\/{rel}","templated":true}]}}