{"id":49024,"date":"2024-01-02T11:02:13","date_gmt":"2024-01-02T17:02:13","guid":{"rendered":"https:\/\/encuentroinformativo.com.mx\/?p=49024"},"modified":"2024-01-02T11:02:19","modified_gmt":"2024-01-02T17:02:19","slug":"reportan-comerciantes-ligero-aumento-de-ventas-en-malecon-de-veracruz","status":"publish","type":"post","link":"https:\/\/encuentroinformativo.com.mx\/?p=49024","title":{"rendered":"Reportan comerciantes ligero aumento de ventas en Malec\u00f3n de Veracruz"},"content":{"rendered":"\n<p><strong>Alejandro \u00c1vila<\/strong><\/p>\n\n\n\n<p>Veracruz, Ver.- Aunque los ingresos no fueron los esperados, s\u00ed hubo un ligero aumento en las ventas en la zona del Malec\u00f3n de Veracruz.<\/p>\n\n\n\n<p>\u00c1ngel Hern\u00e1ndez Ramos, presidente de la Asociaci\u00f3n de Artesanos Fundadores del Malec\u00f3n, mencion\u00f3 que una de las situaciones que afect\u00f3 fue que los d\u00edas de asueto, es decir 24 y 25 de diciembre y 31de diciembre y 1 de enero, fueron en domingo y lunes, respectivamente.<\/p>\n\n\n\n<p>&#8220;Cu\u00e1ndo el d\u00eda primero cae viernes, eso ya nos da tiempo para que m\u00e1s gente disfrute de Veracruz, as\u00ed que este a\u00f1o s\u00ed hubo un ligero aumento m\u00e1s no lo que esper\u00e1bamos (\u2026) siempre nos vamos por un 100 pero en esta ocasi\u00f3n creo que llegamos al 60 o 70 por ciento, que no deja de ser algo bueno, pero viene la famosa cuesta de enero, por eso es que para nosotros s\u00ed era importante alcanzar ese 100 por ciento (\u2026) fue una semana de gente, fue una semana de incrementos, lo que m\u00e1s gusto nos dio fue ver que algunos hoteles alcanzaron al 100 por ciento de su capacidad, y eso habla mucho de que Veracruz sigue siendo un elemento de atracci\u00f3n para el turista nacional, y esperamos empezar el a\u00f1o con esa misma afluencia tur\u00edstica&#8221;, subray\u00f3.<\/p>\n\n\n\n<p>\u00c1ngel Hern\u00e1ndez puntualiz\u00f3 que para situaciones como las que se vivieron en el cierre del 2023 e inicio del 2024, es importante que los funcionarios municipales creen estrategias y opciones de atracci\u00f3n tur\u00edstica que motive a los visitantes a llegar al Puerto de Veracruz.<\/p>\n\n\n\n<p>&#8220;Sabemos que Veracruz cuenta con gastronom\u00eda, historia, cultura, y son elementos que permiten a Veracruz seguir siendo punto de atracci\u00f3n (\u2026) s\u00ed hubo gente, tambi\u00e9n recordemos que es un Festival -del Esquite- que no es solo para el turista, sino tambi\u00e9n para el local, hubo mucha gente pero no siempre se reflejan las ventas&#8221;, culmin\u00f3.<\/p>\n","protected":false},"excerpt":{"rendered":"<p>Alejandro \u00c1vila Veracruz, Ver.- Aunque los ingresos no fueron los esperados, s\u00ed hubo un ligero aumento en las ventas en la zona del Malec\u00f3n de Veracruz. \u00c1ngel Hern\u00e1ndez Ramos, presidente de la Asociaci\u00f3n de Artesanos Fundadores del Malec\u00f3n, mencion\u00f3 que una de las situaciones que afect\u00f3 fue que los d\u00edas de asueto, es decir 24 [&hellip;]<\/p>\n","protected":false},"author":2476,"featured_media":49025,"comment_status":"open","ping_status":"open","sticky":false,"template":"","format":"standard","meta":{"_jetpack_memberships_contains_paid_content":false,"footnotes":""},"categories":[2],"tags":[],"class_list":["post-49024","post","type-post","status-publish","format-standard","has-post-thumbnail","hentry","category-estado"],"jetpack_featured_media_url":"https:\/\/encuentroinformativo.com.mx\/wp-content\/uploads\/2024\/01\/IMG-20240102-WA0008.jpg","jetpack_sharing_enabled":true,"jetpack_likes_enabled":true,"amp_enabled":true,"_links":{"self":[{"href":"https:\/\/encuentroinformativo.com.mx\/index.php?rest_route=\/wp\/v2\/posts\/49024","targetHints":{"allow":["GET"]}}],"collection":[{"href":"https:\/\/encuentroinformativo.com.mx\/index.php?rest_route=\/wp\/v2\/posts"}],"about":[{"href":"https:\/\/encuentroinformativo.com.mx\/index.php?rest_route=\/wp\/v2\/types\/post"}],"author":[{"embeddable":true,"href":"https:\/\/encuentroinformativo.com.mx\/index.php?rest_route=\/wp\/v2\/users\/2476"}],"replies":[{"embeddable":true,"href":"https:\/\/encuentroinformativo.com.mx\/index.php?rest_route=%2Fwp%2Fv2%2Fcomments&post=49024"}],"version-history":[{"count":1,"href":"https:\/\/encuentroinformativo.com.mx\/index.php?rest_route=\/wp\/v2\/posts\/49024\/revisions"}],"predecessor-version":[{"id":49026,"href":"https:\/\/encuentroinformativo.com.mx\/index.php?rest_route=\/wp\/v2\/posts\/49024\/revisions\/49026"}],"wp:featuredmedia":[{"embeddable":true,"href":"https:\/\/encuentroinformativo.com.mx\/index.php?rest_route=\/wp\/v2\/media\/49025"}],"wp:attachment":[{"href":"https:\/\/encuentroinformativo.com.mx\/index.php?rest_route=%2Fwp%2Fv2%2Fmedia&parent=49024"}],"wp:term":[{"taxonomy":"category","embeddable":true,"href":"https:\/\/encuentroinformativo.com.mx\/index.php?rest_route=%2Fwp%2Fv2%2Fcategories&post=49024"},{"taxonomy":"post_tag","embeddable":true,"href":"https:\/\/encuentroinformativo.com.mx\/index.php?rest_route=%2Fwp%2Fv2%2Ftags&post=49024"}],"curies":[{"name":"wp","href":"https:\/\/api.w.org\/{rel}","templated":true}]}}