{"id":49030,"date":"2024-01-02T12:59:11","date_gmt":"2024-01-02T18:59:11","guid":{"rendered":"https:\/\/encuentroinformativo.com.mx\/?p=49030"},"modified":"2024-01-02T12:59:16","modified_gmt":"2024-01-02T18:59:16","slug":"veracruz-reclama-acciones-de-verdad-pepe-yunes","status":"publish","type":"post","link":"https:\/\/encuentroinformativo.com.mx\/?p=49030","title":{"rendered":"Veracruz reclama acciones de verdad: Pepe Yunes"},"content":{"rendered":"\n<p><strong>Dar\u00edo Pale <\/strong><\/p>\n\n\n\n<p>Xalapa, Ver.- Para iniciar su primer d\u00eda de precampa\u00f1a el aspirante a candidato a la gubernatura de la alianza PAN, PRI, PRD, Pepe Yunes se reuni\u00f3 con medios de comunicaci\u00f3n a quienes se\u00f1al\u00f3 que la sociedad est\u00e1 urgida y reclama acciones de verdad, por lo que su proyecto est\u00e1 enfocado en cumplir con las necesidades de la sociedad.<\/p>\n\n\n\n<p>\u201cNosotros estamos enfocados en cumplir con ese prop\u00f3sito. Vivimos en una realidad alterna que se pretende construir a trav\u00e9s del discurso menospreciando la realidad que no va acorde con el d\u00eda a d\u00eda de millones de personas. Nosotros impondremos la verdad como forma de hacer pol\u00edtica\u201d, se\u00f1al\u00f3.<\/p>\n\n\n\n<p>Mencion\u00f3 que su eslogan Veracruzano de Verdad se refiere a que considera que para aspirar a ser gobernador es necesario conocer el estado y el origen de sus problemas en cualquiera de sus diferentes zonas.\u00a0<\/p>\n\n\n\n<p>\u201cImplica conocer el estado de veracruz, un veracruzano de verdad a estas alturas conoce el estado tiene claro cu\u00e1l es el origen de los problemas en la entidad zona costera o huasteca, saber perfectamente las expresiones culturales\u201d, coment\u00f3.<\/p>\n\n\n\n<p>Por \u00faltimo se\u00f1al\u00f3 que a partir de este martes formalizar\u00e1 los tr\u00e1mites en los partidos, por lo que se registrar\u00e1 como precandidato a gobernador en el PAN y PRD.<\/p>\n\n\n\n<p><strong>Elecci\u00f3n de Estado <\/strong><\/p>\n\n\n\n<p>En la entidad se configura una elecci\u00f3n de estado con recursos, muebles y materiales del gobierno, adem\u00e1s de recursos cuyo origen no se pueden comprobar o que puedan tener un origen extra\u00f1o, as\u00ed lo se\u00f1al\u00f3 el pre candidato a gobernador de Veracruz por la alianza PAN, PRI, PRD (Fuerza y Coraz\u00f3n por Veracruz), Pepe Yunes.\u00a0<\/p>\n\n\n\n<p>Al ser cuestionado sobre las carpetas de investigaci\u00f3n contra ex funcionarios que hoy las autoridades pretenden revivir para presionar a la oposici\u00f3n, dijo que no le sorprende que el gobierno lo haga puesto que sabe que se enfrentar\u00e1 a una elecci\u00f3n de estado, pero a pesar de ello va a ganar.\u00a0<\/p>\n\n\n\n<p>\u201cCon todo y eso van a perder la elecci\u00f3n van a tratar de intimidar y perseguir a quienes consideran sus adversarios pol\u00edticos\u201d, se\u00f1al\u00f3.<\/p>\n\n\n\n<p>Tambi\u00e9n cuestion\u00f3 el hecho de obligar a los trabajadores del estado a apoyar a los precandidatos de Morena, pues se\u00f1al\u00f3 que esa es una mala pr\u00e1ctica y delito electoral.\u00a0<\/p>\n\n\n\n<p>\u201cEse tipo de actos los hac\u00eda el PRI, fue la forma de hacer pol\u00edtica del PRI de hace 4 d\u00e9cadas, pero obligarlos a participar en eventos proselitistas es una mala pr\u00e1ctica democr\u00e1tica, es un delito electoral y vamos a estar pendiente para documentarlo\u201d, coment\u00f3.<\/p>\n\n\n\n<p>Por \u00faltimo, destac\u00f3 que van a interponer filtros para que los candidatos que se elijan por parte de la alianza no tengan nexos con \u201cextra\u00f1os\u201d.\u00a0<\/p>\n\n\n\n<p>Finalmente comento que, \u201cfiltros le dar\u00e1n garant\u00eda a la sociedad de que los perfiles cumplen con lo m\u00ednimo para poder ser considerados por el electorado\u201d.<\/p>\n","protected":false},"excerpt":{"rendered":"<p>Dar\u00edo Pale Xalapa, Ver.- Para iniciar su primer d\u00eda de precampa\u00f1a el aspirante a candidato a la gubernatura de la alianza PAN, PRI, PRD, Pepe Yunes se reuni\u00f3 con medios de comunicaci\u00f3n a quienes se\u00f1al\u00f3 que la sociedad est\u00e1 urgida y reclama acciones de verdad, por lo que su proyecto est\u00e1 enfocado en cumplir con [&hellip;]<\/p>\n","protected":false},"author":2476,"featured_media":49031,"comment_status":"open","ping_status":"open","sticky":false,"template":"","format":"standard","meta":{"_jetpack_memberships_contains_paid_content":false,"footnotes":""},"categories":[2],"tags":[],"class_list":["post-49030","post","type-post","status-publish","format-standard","has-post-thumbnail","hentry","category-estado"],"jetpack_featured_media_url":"https:\/\/encuentroinformativo.com.mx\/wp-content\/uploads\/2024\/01\/IMG-20240102-WA00352.jpg","jetpack_sharing_enabled":true,"jetpack_likes_enabled":true,"amp_enabled":true,"_links":{"self":[{"href":"https:\/\/encuentroinformativo.com.mx\/index.php?rest_route=\/wp\/v2\/posts\/49030","targetHints":{"allow":["GET"]}}],"collection":[{"href":"https:\/\/encuentroinformativo.com.mx\/index.php?rest_route=\/wp\/v2\/posts"}],"about":[{"href":"https:\/\/encuentroinformativo.com.mx\/index.php?rest_route=\/wp\/v2\/types\/post"}],"author":[{"embeddable":true,"href":"https:\/\/encuentroinformativo.com.mx\/index.php?rest_route=\/wp\/v2\/users\/2476"}],"replies":[{"embeddable":true,"href":"https:\/\/encuentroinformativo.com.mx\/index.php?rest_route=%2Fwp%2Fv2%2Fcomments&post=49030"}],"version-history":[{"count":1,"href":"https:\/\/encuentroinformativo.com.mx\/index.php?rest_route=\/wp\/v2\/posts\/49030\/revisions"}],"predecessor-version":[{"id":49032,"href":"https:\/\/encuentroinformativo.com.mx\/index.php?rest_route=\/wp\/v2\/posts\/49030\/revisions\/49032"}],"wp:featuredmedia":[{"embeddable":true,"href":"https:\/\/encuentroinformativo.com.mx\/index.php?rest_route=\/wp\/v2\/media\/49031"}],"wp:attachment":[{"href":"https:\/\/encuentroinformativo.com.mx\/index.php?rest_route=%2Fwp%2Fv2%2Fmedia&parent=49030"}],"wp:term":[{"taxonomy":"category","embeddable":true,"href":"https:\/\/encuentroinformativo.com.mx\/index.php?rest_route=%2Fwp%2Fv2%2Fcategories&post=49030"},{"taxonomy":"post_tag","embeddable":true,"href":"https:\/\/encuentroinformativo.com.mx\/index.php?rest_route=%2Fwp%2Fv2%2Ftags&post=49030"}],"curies":[{"name":"wp","href":"https:\/\/api.w.org\/{rel}","templated":true}]}}