{"id":49040,"date":"2024-01-02T15:25:30","date_gmt":"2024-01-02T21:25:30","guid":{"rendered":"https:\/\/encuentroinformativo.com.mx\/?p=49040"},"modified":"2024-01-02T15:25:46","modified_gmt":"2024-01-02T21:25:46","slug":"la-cuarta-transformacion-en-veracruz-logro-reducir-mas-de-mil-homicidios-en-el-ano-2023","status":"publish","type":"post","link":"https:\/\/encuentroinformativo.com.mx\/?p=49040","title":{"rendered":"La Cuarta Transformaci\u00f3n en Veracruz logr\u00f3 reducir m\u00e1s de mil homicidios en el a\u00f1o 2023"},"content":{"rendered":"\n<p>Xalapa, Ver.- Resultado de la estrategia coordinada de las fuerzas federales y la pol\u00edtica nacional de atender de la violencia, la Cuarta Transformaci\u00f3n en Veracruz alcanz\u00f3 el objetivo de reducir en m\u00e1s de mil los casos de homicidios. En 2017, se registraron dos mil 8 casos, mientras que, al cierre del a\u00f1o pasado, la cifra disminuy\u00f3 significativamente a 966, representando un descenso del 51%.<\/p>\n\n\n\n<p>Durante la primera conferencia de este a\u00f1o, el gobernador Cuitl\u00e1huac Garc\u00eda Jim\u00e9nez se congratul\u00f3 porque tambi\u00e9n se logr\u00f3 mantener un promedio de tres homicidios diarios; cuando recibi\u00f3 la Administraci\u00f3n la incidencia era de 8 casos al d\u00eda. \u201cPara ser exactos, es una reducci\u00f3n de mil 44 homicidios. Hemos trabajado en estos cinco a\u00f1os y un mes<\/p>\n\n\n\n<p>Enfatiz\u00f3 que durante la \u00faltima semana del a\u00f1o, del 25 al 31 de diciembre, Veracruz contabiliz\u00f3 11 casos, ubic\u00e1ndose en el puesto 16 en n\u00fameros absolutos e hizo hincapi\u00e9 en la significativa disparidad al se\u00f1alar que Guanajuato, un estado de afiliaci\u00f3n panista, encabez\u00f3 la lista con 42 casos.<\/p>\n\n\n\n<p>En relaci\u00f3n con el n\u00famero de v\u00edctimas por cada 100 mil habitantes, en comparaci\u00f3n con Guanajuato, Jalisco y Chihuahua, el Gobernador subray\u00f3 que Veracruz se encuentra hasta seis veces por debajo en t\u00e9rminos relativos, teniendo en cuenta la menor poblaci\u00f3n del estado.<\/p>\n\n\n\n<p>Finalmente, Garc\u00eda Jim\u00e9nez elogi\u00f3 la labor de la Fiscal\u00eda General del Estado y el Poder Judicial en la procuraci\u00f3n, administraci\u00f3n y aplicaci\u00f3n de justicia, destac\u00f3 que las sentencias dictadas por jueces y magistrados contribuyen a la instauraci\u00f3n de un estado de derecho sin impunidad.<\/p>\n","protected":false},"excerpt":{"rendered":"<p>Xalapa, Ver.- Resultado de la estrategia coordinada de las fuerzas federales y la pol\u00edtica nacional de atender de la violencia, la Cuarta Transformaci\u00f3n en Veracruz alcanz\u00f3 el objetivo de reducir en m\u00e1s de mil los casos de homicidios. En 2017, se registraron dos mil 8 casos, mientras que, al cierre del a\u00f1o pasado, la cifra [&hellip;]<\/p>\n","protected":false},"author":2476,"featured_media":49042,"comment_status":"open","ping_status":"open","sticky":false,"template":"","format":"standard","meta":{"_jetpack_memberships_contains_paid_content":false,"footnotes":""},"categories":[2],"tags":[],"class_list":["post-49040","post","type-post","status-publish","format-standard","has-post-thumbnail","hentry","category-estado"],"jetpack_featured_media_url":"https:\/\/encuentroinformativo.com.mx\/wp-content\/uploads\/2024\/01\/IMG-20240102-WA0051-1.jpg","jetpack_sharing_enabled":true,"jetpack_likes_enabled":true,"amp_enabled":true,"_links":{"self":[{"href":"https:\/\/encuentroinformativo.com.mx\/index.php?rest_route=\/wp\/v2\/posts\/49040","targetHints":{"allow":["GET"]}}],"collection":[{"href":"https:\/\/encuentroinformativo.com.mx\/index.php?rest_route=\/wp\/v2\/posts"}],"about":[{"href":"https:\/\/encuentroinformativo.com.mx\/index.php?rest_route=\/wp\/v2\/types\/post"}],"author":[{"embeddable":true,"href":"https:\/\/encuentroinformativo.com.mx\/index.php?rest_route=\/wp\/v2\/users\/2476"}],"replies":[{"embeddable":true,"href":"https:\/\/encuentroinformativo.com.mx\/index.php?rest_route=%2Fwp%2Fv2%2Fcomments&post=49040"}],"version-history":[{"count":1,"href":"https:\/\/encuentroinformativo.com.mx\/index.php?rest_route=\/wp\/v2\/posts\/49040\/revisions"}],"predecessor-version":[{"id":49043,"href":"https:\/\/encuentroinformativo.com.mx\/index.php?rest_route=\/wp\/v2\/posts\/49040\/revisions\/49043"}],"wp:featuredmedia":[{"embeddable":true,"href":"https:\/\/encuentroinformativo.com.mx\/index.php?rest_route=\/wp\/v2\/media\/49042"}],"wp:attachment":[{"href":"https:\/\/encuentroinformativo.com.mx\/index.php?rest_route=%2Fwp%2Fv2%2Fmedia&parent=49040"}],"wp:term":[{"taxonomy":"category","embeddable":true,"href":"https:\/\/encuentroinformativo.com.mx\/index.php?rest_route=%2Fwp%2Fv2%2Fcategories&post=49040"},{"taxonomy":"post_tag","embeddable":true,"href":"https:\/\/encuentroinformativo.com.mx\/index.php?rest_route=%2Fwp%2Fv2%2Ftags&post=49040"}],"curies":[{"name":"wp","href":"https:\/\/api.w.org\/{rel}","templated":true}]}}