{"id":49044,"date":"2024-01-02T16:04:05","date_gmt":"2024-01-02T22:04:05","guid":{"rendered":"https:\/\/encuentroinformativo.com.mx\/?p=49044"},"modified":"2024-01-02T16:04:12","modified_gmt":"2024-01-02T22:04:12","slug":"analiza-prd-candidaturas-para-distritos-locales","status":"publish","type":"post","link":"https:\/\/encuentroinformativo.com.mx\/?p=49044","title":{"rendered":"Analiza PRD candidaturas para distritos locales"},"content":{"rendered":"\n<p><strong>Dar\u00edo Pale\/Juan Arcos <\/strong><\/p>\n\n\n\n<p>Xalapa, Ver.- A\u00fan est\u00e1n analizando como ser\u00e1 el resto de la alianza Fuerza y Coraz\u00f3n por Veracruz, pues existe la posibilidad de que sea parcial, as\u00ed lo dio a conocer el dirigente estatal del PRD, Sergio Cadena Mart\u00ednez.<\/p>\n\n\n\n<p>En entrevista detall\u00f3 que la siguiente semana van a resolver los temas pendientes y determinar\u00e1n si van parcial completos, pues hasta el momento han determinado que ya se firm\u00f3 el convenio de coalici\u00f3n para apoyar a Pepe Yunes a la gubernatura, sin embargo, para que exista una coalici\u00f3n total depende de como se distribuyan los distritos para las diputaciones.\u00a0<\/p>\n\n\n\n<p>\u201cA \u00e9l (Pepe Yunes) ya lo respaldamos y ah\u00ed no tenemos ning\u00fan problema, es nada m\u00e1s ver los distrito locales, como distribuimos, c\u00f3mo nos acomodamos, puede ser parcial o puede ser total, nosotros estamos pensando en que si en justicia nos dan los seis distritos que merecemos, cerrar\u00edamos el acuerdo total\u201d, se\u00f1al\u00f3.<\/p>\n\n\n\n<p>En otro tema, dio a conocer que est\u00e1n presionando a los alcaldes de la oposici\u00f3n a trav\u00e9s del ORFIS y de la Fiscal\u00eda, por lo que est\u00e1n temerosos.<\/p>\n\n\n\n<p>\u201cLes dicen no se presenten al evento porque nos los vamos a fregar, entonces por supuesto que hay esa amenaza, hay ese temor, pero tenemos que despertar la conciencia de los ciudadanos&#8221;, coment\u00f3.<\/p>\n\n\n\n<p>Por ultimo se\u00f1al\u00f3 que les han recomendado a los presidentes municipales que no se presenten a los actos p\u00fablicos, hagan bien su trabajo y sea la ciudadan\u00eda la que juzgue.<\/p>\n\n\n\n<p><strong>Postular\u00edan 6 candidatos<\/strong><\/p>\n\n\n\n<p>En otro orden de ideas, se\u00f1al\u00f3 que el Partido de la Revoluci\u00f3n Democr\u00e1tica (PRD) podr\u00eda postular a candidatos a diputados locales en seis de los 30 distritos que hay en Veracruz.<\/p>\n\n\n\n<p>Sergio Cadena a\u00f1adi\u00f3 que esta situaci\u00f3n podr\u00eda formalizarse la siguiente semana, como parte de los acuerdos en la alianza \u201cFuerza y Coraz\u00f3n por Veracruz\u201d, que integran tambi\u00e9n el Partido Revolucionario Institucional (PRI) y Acci\u00f3n Nacional (PAN).<\/p>\n\n\n\n<p>El l\u00edder perredista indic\u00f3 que se buscar\u00e1 postular a los candidatos a diputaciones locales en Tuxpan, Papantla, San Andr\u00e9s Tuxtla, Acayucan, Zongolica y R\u00edo Blanco.<\/p>\n\n\n\n<p>\u201cTenemos buenos cuadros, los que se est\u00e1n valorando y en los pr\u00f3ximos d\u00edas ya se informar\u00e1 quienes ser\u00e1n los que encabezar\u00e1n las f\u00f3rmulas que postular\u00e1 el PRD a las diputaciones locales, con amplias posibilidades de ganar\u201d, enfatiz\u00f3.<\/p>\n\n\n\n<p>Cadena Mart\u00ednez record\u00f3 que ser\u00e1 en la segunda semana de enero cuando se definan las candidaturas, donde se espera que los elegidos realicen campa\u00f1as proselitistas.<\/p>\n\n\n\n<p>\u201cSe participa en este proceso electoral con un \u00edmpetu ganador, para lograr ganar la Presidencia de la Rep\u00fablica, la Gubernatura del Estado, las C\u00e1mara de Senadores y de Diputados Federales y el Congreso del Estado\u201d, a\u00f1adi\u00f3.<\/p>\n\n\n\n<p>Cabe recordar que el pasado s\u00e1bado 30 de diciembre se registr\u00f3 formalmente la alianza opositora &#8220;Fuerza y Coraz\u00f3n por Veracruz&#8221; ante el Organismo P\u00fablico Local Electoral (OPLE) para el proceso local ordinario 2023-2024.<\/p>\n","protected":false},"excerpt":{"rendered":"<p>Dar\u00edo Pale\/Juan Arcos Xalapa, Ver.- A\u00fan est\u00e1n analizando como ser\u00e1 el resto de la alianza Fuerza y Coraz\u00f3n por Veracruz, pues existe la posibilidad de que sea parcial, as\u00ed lo dio a conocer el dirigente estatal del PRD, Sergio Cadena Mart\u00ednez. En entrevista detall\u00f3 que la siguiente semana van a resolver los temas pendientes y [&hellip;]<\/p>\n","protected":false},"author":2476,"featured_media":49045,"comment_status":"open","ping_status":"open","sticky":false,"template":"","format":"standard","meta":{"_jetpack_memberships_contains_paid_content":false,"footnotes":""},"categories":[2],"tags":[],"class_list":["post-49044","post","type-post","status-publish","format-standard","has-post-thumbnail","hentry","category-estado"],"jetpack_featured_media_url":"https:\/\/encuentroinformativo.com.mx\/wp-content\/uploads\/2024\/01\/IMG-20240102-WA00422.jpg","jetpack_sharing_enabled":true,"jetpack_likes_enabled":true,"amp_enabled":true,"_links":{"self":[{"href":"https:\/\/encuentroinformativo.com.mx\/index.php?rest_route=\/wp\/v2\/posts\/49044","targetHints":{"allow":["GET"]}}],"collection":[{"href":"https:\/\/encuentroinformativo.com.mx\/index.php?rest_route=\/wp\/v2\/posts"}],"about":[{"href":"https:\/\/encuentroinformativo.com.mx\/index.php?rest_route=\/wp\/v2\/types\/post"}],"author":[{"embeddable":true,"href":"https:\/\/encuentroinformativo.com.mx\/index.php?rest_route=\/wp\/v2\/users\/2476"}],"replies":[{"embeddable":true,"href":"https:\/\/encuentroinformativo.com.mx\/index.php?rest_route=%2Fwp%2Fv2%2Fcomments&post=49044"}],"version-history":[{"count":1,"href":"https:\/\/encuentroinformativo.com.mx\/index.php?rest_route=\/wp\/v2\/posts\/49044\/revisions"}],"predecessor-version":[{"id":49046,"href":"https:\/\/encuentroinformativo.com.mx\/index.php?rest_route=\/wp\/v2\/posts\/49044\/revisions\/49046"}],"wp:featuredmedia":[{"embeddable":true,"href":"https:\/\/encuentroinformativo.com.mx\/index.php?rest_route=\/wp\/v2\/media\/49045"}],"wp:attachment":[{"href":"https:\/\/encuentroinformativo.com.mx\/index.php?rest_route=%2Fwp%2Fv2%2Fmedia&parent=49044"}],"wp:term":[{"taxonomy":"category","embeddable":true,"href":"https:\/\/encuentroinformativo.com.mx\/index.php?rest_route=%2Fwp%2Fv2%2Fcategories&post=49044"},{"taxonomy":"post_tag","embeddable":true,"href":"https:\/\/encuentroinformativo.com.mx\/index.php?rest_route=%2Fwp%2Fv2%2Ftags&post=49044"}],"curies":[{"name":"wp","href":"https:\/\/api.w.org\/{rel}","templated":true}]}}