{"id":49047,"date":"2024-01-02T17:10:20","date_gmt":"2024-01-02T23:10:20","guid":{"rendered":"https:\/\/encuentroinformativo.com.mx\/?p=49047"},"modified":"2024-01-02T17:10:24","modified_gmt":"2024-01-02T23:10:24","slug":"aplicaran-filtros-para-elegir-candidatos-senala-el-pri","status":"publish","type":"post","link":"https:\/\/encuentroinformativo.com.mx\/?p=49047","title":{"rendered":"Aplicar\u00e1n filtros para elegir candidatos, se\u00f1ala el PRI"},"content":{"rendered":"\n<p><strong>Dar\u00edo Pale <\/strong><\/p>\n\n\n\n<p>Xalapa, Ver.- El presidente estatal del PRI Adolfo Ram\u00edrez Arana, dio a conocer que para elegir a los candidatos de la alianza por parte del PRI, habr\u00e1 filtros que se tomar\u00e1n en cuenta para verificar que no tengan nexos con la delincuencia organizada, uno de ellos ser\u00e1 el prestigio de los aspirantes.<\/p>\n\n\n\n<p>En entrevista coment\u00f3 que, &#8220;el prestigio social es algo p\u00fablico sin duda alguna, estaremos analizando esos perfiles y estaremos viendo que vaya la gente que tiene capacidad y un prestigio intachable\u201d, coment\u00f3.<\/p>\n\n\n\n<p>Se\u00f1al\u00f3 que se tiene hasta el 22 de enero para registrar la alianza a nivel local para las diputaciones y mientras tanto se encuentran en pl\u00e1ticas analizando los perfiles para determinar quienes de la sociedad civil o de los partidos cumplen con los requisitos y tienen mayores posibilidades en un lugar o en otro.\u00a0<\/p>\n\n\n\n<p>\u201cLo que nosotros queremos presentar es a las mejores personas, que puedan estar en el congreso del estado que puedan ayudar a quien sin duda va a llegar a ser nuestro gobernador, Jos\u00e9 Francisco Yunes Zorrilla y que sea gente de principios de ideales, con capacidad probada y honestidad probada\u201d, dijo en entrevista.<\/p>\n\n\n\n<p>Asegur\u00f3 que han recibido varias quejas por parte de los presidentes municipales del PRI que los est\u00e1 presionando el gobierno del estado e incluso los amenaza para que se cambien de partido a la mala.\u00a0<\/p>\n\n\n\n<p>Detall\u00f3 que no es la delincuencia organizada quienes los amenaza, sino desde el gobierno de Morena que a trav\u00e9s de la cuenta p\u00fablica los intimida.\u00a0<\/p>\n\n\n\n<p>\u201cEl gobierno est\u00e1 coaccionando a los presidentes municipales presion\u00e1ndolos e inclusive amenaz\u00e1ndolos con el tema de las cuentas p\u00fablicas, lo cual no debe de pasar, eso es contra la ley y los est\u00e1 queri\u00e9ndo apaciguar pol\u00edticamente, e inclusive cambiarlos de partido a la mala y eso no debe pasar\u201d,\u00a0<\/p>\n\n\n\n<p>Aunque no quiso dar nombres de los presidentes municipales o municipios, ni la cantidad de afectados, dijo que son bastantes, por lo que interpondr\u00e1n las denuncias necesarias para que no sigan ocurriendo este tipo de acciones.<\/p>\n\n\n\n<p>Finalmente se\u00f1al\u00f3 que, \u201cson varios y no lo voy a decir por el derecho de ellos a guardarlos a que haya represalias, hay un gran temor a que haya represalias, eso va contra el estado de derecho que todo gobierno debe de vigilar que se cumpla y eso es alarmante sin duda\u201d.<\/p>\n","protected":false},"excerpt":{"rendered":"<p>Dar\u00edo Pale Xalapa, Ver.- El presidente estatal del PRI Adolfo Ram\u00edrez Arana, dio a conocer que para elegir a los candidatos de la alianza por parte del PRI, habr\u00e1 filtros que se tomar\u00e1n en cuenta para verificar que no tengan nexos con la delincuencia organizada, uno de ellos ser\u00e1 el prestigio de los aspirantes. En [&hellip;]<\/p>\n","protected":false},"author":2476,"featured_media":49048,"comment_status":"open","ping_status":"open","sticky":false,"template":"","format":"standard","meta":{"_jetpack_memberships_contains_paid_content":false,"footnotes":""},"categories":[2],"tags":[],"class_list":["post-49047","post","type-post","status-publish","format-standard","has-post-thumbnail","hentry","category-estado"],"jetpack_featured_media_url":"https:\/\/encuentroinformativo.com.mx\/wp-content\/uploads\/2024\/01\/IMG-20240102-WA00552.jpg","jetpack_sharing_enabled":true,"jetpack_likes_enabled":true,"amp_enabled":true,"_links":{"self":[{"href":"https:\/\/encuentroinformativo.com.mx\/index.php?rest_route=\/wp\/v2\/posts\/49047","targetHints":{"allow":["GET"]}}],"collection":[{"href":"https:\/\/encuentroinformativo.com.mx\/index.php?rest_route=\/wp\/v2\/posts"}],"about":[{"href":"https:\/\/encuentroinformativo.com.mx\/index.php?rest_route=\/wp\/v2\/types\/post"}],"author":[{"embeddable":true,"href":"https:\/\/encuentroinformativo.com.mx\/index.php?rest_route=\/wp\/v2\/users\/2476"}],"replies":[{"embeddable":true,"href":"https:\/\/encuentroinformativo.com.mx\/index.php?rest_route=%2Fwp%2Fv2%2Fcomments&post=49047"}],"version-history":[{"count":1,"href":"https:\/\/encuentroinformativo.com.mx\/index.php?rest_route=\/wp\/v2\/posts\/49047\/revisions"}],"predecessor-version":[{"id":49049,"href":"https:\/\/encuentroinformativo.com.mx\/index.php?rest_route=\/wp\/v2\/posts\/49047\/revisions\/49049"}],"wp:featuredmedia":[{"embeddable":true,"href":"https:\/\/encuentroinformativo.com.mx\/index.php?rest_route=\/wp\/v2\/media\/49048"}],"wp:attachment":[{"href":"https:\/\/encuentroinformativo.com.mx\/index.php?rest_route=%2Fwp%2Fv2%2Fmedia&parent=49047"}],"wp:term":[{"taxonomy":"category","embeddable":true,"href":"https:\/\/encuentroinformativo.com.mx\/index.php?rest_route=%2Fwp%2Fv2%2Fcategories&post=49047"},{"taxonomy":"post_tag","embeddable":true,"href":"https:\/\/encuentroinformativo.com.mx\/index.php?rest_route=%2Fwp%2Fv2%2Ftags&post=49047"}],"curies":[{"name":"wp","href":"https:\/\/api.w.org\/{rel}","templated":true}]}}