{"id":4905,"date":"2020-08-14T15:18:34","date_gmt":"2020-08-14T20:18:34","guid":{"rendered":"https:\/\/encuentroinformativo.com\/?p=4905"},"modified":"2020-08-14T15:18:36","modified_gmt":"2020-08-14T20:18:36","slug":"celebra-pan-postura-de-scjn-ante-reforma-electoral","status":"publish","type":"post","link":"https:\/\/encuentroinformativo.com.mx\/?p=4905","title":{"rendered":"Celebra PAN postura de SCJN ante Reforma Electoral"},"content":{"rendered":"\n<p><strong>Juan Arcos <\/strong><\/p>\n\n\n\n<p>Xalapa, Ver.- La Suprema Corte de Justicia de la Naci\u00f3n (SCJN) admiti\u00f3 el tr\u00e1mite para la acci\u00f3n de inconstitucionalidad, promovida por el Partido Acci\u00f3n Nacional (PAN), en contra de la Reforma Electoral que aprob\u00f3 el Movimiento de Regeneraci\u00f3n Nacional (Morena), con su mayor\u00eda en el Congreso del Estado.<\/p>\n\n\n\n<p>As\u00ed lo dio a conocer el dirigente estatal del PAN en Veracruz, Joaqu\u00edn Guzm\u00e1n Avil\u00e9s, quien celebr\u00f3 dicha situaci\u00f3n, pues, a su parecer, la reforma podr\u00eda propiciar un fraude electoral en la elecci\u00f3n del a\u00f1o pr\u00f3ximo.<\/p>\n\n\n\n<p>Lament\u00f3 que el Congreso local, mismo que es responsable de hacer las leyes en Veracruz, se dedique a \u201cincumplirlas\u201d.<\/p>\n\n\n\n<p>Cabe recordar que el PAN present\u00f3 la acci\u00f3n de inconstitucionalidad 153\/2020, para evitar cuestiones antidemocr\u00e1ticas en futuros comicios.<br>\u201cEl tr\u00e1mite incluye la solicitud para que el Congreso del Estado y el Ejecutivo de Veracruz rindan su informe dentro del plazo de seis d\u00edas naturales, contados a partir del d\u00eda siguiente en que surte efecto la notificaci\u00f3n del acuerdo\u201d.<\/p>\n\n\n\n<p>De este modo, el Congreso de Veracruz deber\u00e1 entregar a la SCJN copia certificada de los antecedentes legislativos de las normas impugnadas, incluyendo las iniciativas, los dict\u00e1menes de las comisiones correspondientes, las actas de las sesiones en las que se hayan aprobado y en las que consten las votaciones de los integrantes de ese \u00f3rgano legislativo, as\u00ed como los votos de los ayuntamientos, y los respectivos diarios de debates.<\/p>\n\n\n\n<p>Guzm\u00e1n Avil\u00e9s consider\u00f3 que la admisi\u00f3n del recurso representa una batalla contra el abuso de autoridad y el \u201ctotalitarismo\u201d de Morena en Veracruz.<\/p>\n\n\n\n<p>El Presidente del Comit\u00e9 Directivo Estatal (CDE) del PAN dijo confiar en que la Suprema Corte de Justicia de la Naci\u00f3n emitir\u00e1 una resoluci\u00f3n a favor de la defensa de la Constituci\u00f3n y la democracia.<br><\/p>\n\n\n\n<p><\/p>\n","protected":false},"excerpt":{"rendered":"<p>Juan Arcos Xalapa, Ver.- La Suprema Corte de Justicia de la Naci\u00f3n (SCJN) admiti\u00f3 el tr\u00e1mite para la acci\u00f3n de inconstitucionalidad, promovida por el Partido Acci\u00f3n Nacional (PAN), en contra de la Reforma Electoral que aprob\u00f3 el Movimiento de Regeneraci\u00f3n Nacional (Morena), con su mayor\u00eda en el Congreso del Estado. As\u00ed lo dio a conocer [&hellip;]<\/p>\n","protected":false},"author":1,"featured_media":2065,"comment_status":"open","ping_status":"open","sticky":false,"template":"","format":"standard","meta":{"_jetpack_memberships_contains_paid_content":false,"footnotes":""},"categories":[2],"tags":[],"class_list":["post-4905","post","type-post","status-publish","format-standard","has-post-thumbnail","hentry","category-estado"],"jetpack_featured_media_url":"https:\/\/encuentroinformativo.com.mx\/wp-content\/uploads\/2020\/04\/D4A576B1-BBBD-46AB-8DBB-31CF657C6138.jpeg","jetpack_sharing_enabled":true,"jetpack_likes_enabled":true,"amp_enabled":true,"_links":{"self":[{"href":"https:\/\/encuentroinformativo.com.mx\/index.php?rest_route=\/wp\/v2\/posts\/4905","targetHints":{"allow":["GET"]}}],"collection":[{"href":"https:\/\/encuentroinformativo.com.mx\/index.php?rest_route=\/wp\/v2\/posts"}],"about":[{"href":"https:\/\/encuentroinformativo.com.mx\/index.php?rest_route=\/wp\/v2\/types\/post"}],"author":[{"embeddable":true,"href":"https:\/\/encuentroinformativo.com.mx\/index.php?rest_route=\/wp\/v2\/users\/1"}],"replies":[{"embeddable":true,"href":"https:\/\/encuentroinformativo.com.mx\/index.php?rest_route=%2Fwp%2Fv2%2Fcomments&post=4905"}],"version-history":[{"count":1,"href":"https:\/\/encuentroinformativo.com.mx\/index.php?rest_route=\/wp\/v2\/posts\/4905\/revisions"}],"predecessor-version":[{"id":4906,"href":"https:\/\/encuentroinformativo.com.mx\/index.php?rest_route=\/wp\/v2\/posts\/4905\/revisions\/4906"}],"wp:featuredmedia":[{"embeddable":true,"href":"https:\/\/encuentroinformativo.com.mx\/index.php?rest_route=\/wp\/v2\/media\/2065"}],"wp:attachment":[{"href":"https:\/\/encuentroinformativo.com.mx\/index.php?rest_route=%2Fwp%2Fv2%2Fmedia&parent=4905"}],"wp:term":[{"taxonomy":"category","embeddable":true,"href":"https:\/\/encuentroinformativo.com.mx\/index.php?rest_route=%2Fwp%2Fv2%2Fcategories&post=4905"},{"taxonomy":"post_tag","embeddable":true,"href":"https:\/\/encuentroinformativo.com.mx\/index.php?rest_route=%2Fwp%2Fv2%2Ftags&post=4905"}],"curies":[{"name":"wp","href":"https:\/\/api.w.org\/{rel}","templated":true}]}}