{"id":49053,"date":"2024-01-02T20:46:57","date_gmt":"2024-01-03T02:46:57","guid":{"rendered":"https:\/\/encuentroinformativo.com.mx\/?p=49053"},"modified":"2024-01-02T20:47:02","modified_gmt":"2024-01-03T02:47:02","slug":"en-vispera-de-reyes-realizaran-operativos-de-supervision-de-comercios","status":"publish","type":"post","link":"https:\/\/encuentroinformativo.com.mx\/?p=49053","title":{"rendered":"En v\u00edspera de Reyes, realizar\u00e1n operativos de supervisi\u00f3n de comercios"},"content":{"rendered":"\n<p><strong>Dar\u00edo Pale<\/strong><\/p>\n\n\n\n<p>Xalapa, Ver.- El regidor quinto, Diego Florescano P\u00e9rez dio a conocer que el ayuntamiento de Xalapa llevar\u00e1 a cabo un Operativo de D\u00eda de Reyes en varias zonas de la ciudad para supervisar el cumplimiento de los reglamentos de la Direcci\u00f3n de Comercio.<\/p>\n\n\n\n<p>En entrevista dijo que se espera que la econom\u00eda en la ciudad contin\u00fae fluyendo con estas compras que habr\u00e1n de realizarse en los d\u00edas pr\u00f3ximos.\u00a0<\/p>\n\n\n\n<p>En ese sentido, adelant\u00f3 que el 5 y 6 de enero se realizar\u00e1n inspecciones para evitar el comercio informal, asegurando que los vendedores ambulantes respeten los permisos otorgados.\u00a0<\/p>\n\n\n\n<p>Enfatiz\u00f3 que se busca proteger los derechos de los comercios establecidos.\u00a0<\/p>\n\n\n\n<p>&#8220;Estamos en el Operativo de D\u00eda de Reyes para este fin de semana y la Direcci\u00f3n de Comercio estar\u00e1 atenta vigilando el comercio establecido y que los vendedores ambulantes respeten los permisos otorgados para estas fechas\u201d, se\u00f1al\u00f3.\u00a0<\/p>\n\n\n\n<p>Enfatiz\u00f3 que se cuidar\u00e1 que los derechos de comercios establecidos no sean violados por los informales.\u00a0<\/p>\n\n\n\n<p>La idea es que todos generen ingreso para sus hogares (\u2026). Incluso los emprendedores tambi\u00e9n estar\u00e1n ofreciendo diversos productos para la ocasi\u00f3n en los bazares que se estar\u00e1n instalando&#8221;, coment\u00f3.<\/p>\n\n\n\n<p>Asimismo, record\u00f3 que la Direcci\u00f3n de Cultura ha organizado una importante cartelera de actividades para celebrar a la ni\u00f1ez.\u00a0<\/p>\n\n\n\n<p>Por \u00faltimo dio a conocer que, \u201chay varios eventos en toda la ciudad, en el IMAC habr\u00e1 un concierto especial del D\u00eda de Reyes con la orquesta filarm\u00f3nica, en el parque Ju\u00e1rez el domingo 7, todo el d\u00eda va a estar dedicado a los chiquitines de hogar (\u2026), pues hay muchas actividades, mucho por disfrutar\u201d.<\/p>\n","protected":false},"excerpt":{"rendered":"<p>Dar\u00edo Pale Xalapa, Ver.- El regidor quinto, Diego Florescano P\u00e9rez dio a conocer que el ayuntamiento de Xalapa llevar\u00e1 a cabo un Operativo de D\u00eda de Reyes en varias zonas de la ciudad para supervisar el cumplimiento de los reglamentos de la Direcci\u00f3n de Comercio. En entrevista dijo que se espera que la econom\u00eda en [&hellip;]<\/p>\n","protected":false},"author":2476,"featured_media":49054,"comment_status":"open","ping_status":"open","sticky":false,"template":"","format":"standard","meta":{"_jetpack_memberships_contains_paid_content":false,"footnotes":""},"categories":[3],"tags":[],"class_list":["post-49053","post","type-post","status-publish","format-standard","has-post-thumbnail","hentry","category-xalapa"],"jetpack_featured_media_url":"https:\/\/encuentroinformativo.com.mx\/wp-content\/uploads\/2024\/01\/IMG-20240102-WA0061.jpg","jetpack_sharing_enabled":true,"jetpack_likes_enabled":true,"amp_enabled":true,"_links":{"self":[{"href":"https:\/\/encuentroinformativo.com.mx\/index.php?rest_route=\/wp\/v2\/posts\/49053","targetHints":{"allow":["GET"]}}],"collection":[{"href":"https:\/\/encuentroinformativo.com.mx\/index.php?rest_route=\/wp\/v2\/posts"}],"about":[{"href":"https:\/\/encuentroinformativo.com.mx\/index.php?rest_route=\/wp\/v2\/types\/post"}],"author":[{"embeddable":true,"href":"https:\/\/encuentroinformativo.com.mx\/index.php?rest_route=\/wp\/v2\/users\/2476"}],"replies":[{"embeddable":true,"href":"https:\/\/encuentroinformativo.com.mx\/index.php?rest_route=%2Fwp%2Fv2%2Fcomments&post=49053"}],"version-history":[{"count":1,"href":"https:\/\/encuentroinformativo.com.mx\/index.php?rest_route=\/wp\/v2\/posts\/49053\/revisions"}],"predecessor-version":[{"id":49055,"href":"https:\/\/encuentroinformativo.com.mx\/index.php?rest_route=\/wp\/v2\/posts\/49053\/revisions\/49055"}],"wp:featuredmedia":[{"embeddable":true,"href":"https:\/\/encuentroinformativo.com.mx\/index.php?rest_route=\/wp\/v2\/media\/49054"}],"wp:attachment":[{"href":"https:\/\/encuentroinformativo.com.mx\/index.php?rest_route=%2Fwp%2Fv2%2Fmedia&parent=49053"}],"wp:term":[{"taxonomy":"category","embeddable":true,"href":"https:\/\/encuentroinformativo.com.mx\/index.php?rest_route=%2Fwp%2Fv2%2Fcategories&post=49053"},{"taxonomy":"post_tag","embeddable":true,"href":"https:\/\/encuentroinformativo.com.mx\/index.php?rest_route=%2Fwp%2Fv2%2Ftags&post=49053"}],"curies":[{"name":"wp","href":"https:\/\/api.w.org\/{rel}","templated":true}]}}