{"id":49061,"date":"2024-01-03T11:32:30","date_gmt":"2024-01-03T17:32:30","guid":{"rendered":"https:\/\/encuentroinformativo.com.mx\/?p=49061"},"modified":"2024-01-03T11:32:36","modified_gmt":"2024-01-03T17:32:36","slug":"se-quejan-turistas-extranjeros-por-cobros-en-cofre-de-perote","status":"publish","type":"post","link":"https:\/\/encuentroinformativo.com.mx\/?p=49061","title":{"rendered":"Se quejan turistas extranjeros por cobros en Cofre de Perote"},"content":{"rendered":"\n<p><strong>Juan Arcos <\/strong><\/p>\n\n\n\n<p>Xalapa, Ver.- Turistas extranjeros denunciaron que tuvieron una mala experiencia durante su visita al Parque Nacional del Cofre de Perote, en la regi\u00f3n central del estado de Veracruz.<\/p>\n\n\n\n<p>Jason S\u00e1nchez, originario de Costa Rica, coment\u00f3 que se encontraron con personas que no daban confianza y que cobraban cierta cantidad de dinero para acceder al sitio tur\u00edstico.<\/p>\n\n\n\n<p>\u201cRealmente ven\u00edamos con mucha ilusi\u00f3n, pero cuando llegamos ac\u00e1, empezamos el ascenso y nos topamos unas personas que en realidad no generan confianza, no tienen distintivos de alg\u00fan tipo de autoridad y te cobran el paso y se ponen como un mecate a trav\u00e9s de la carretera y entre todos bloquean el paso y te est\u00e1n cobrando, te est\u00e1n cobrando un dinero para poder estacionarte o para poder subir\u201d, relat\u00f3.<\/p>\n\n\n\n<p>El entrevistado consider\u00f3 que no hay condiciones de seguridad, pues no vieron ninguna autoridad policial y decidieron mejor regresar para garantizar su integridad.<\/p>\n\n\n\n<p>&#8220;No se ofrece seguridad. En realidad genera mucha desconfianza, por lo menos para nosotros como extranjeros. No, no genera confianza m\u00e1s en un pa\u00eds que nosotros no conocemos y es algo que se acostumbra o no, pero no era lo que se ofrece en las redes sociales y dem\u00e1s. Hacer un viaje tan largo para no poder disfrutarlo\u201d.<\/p>\n\n\n\n<p>Los turistas de Costa Rica decidieron bajar de la monta\u00f1a y recorrer los pueblos cercanos para aprovechar el viaje y admirar algunas de las bellezas que tiene el estado de Veracruz.<\/p>\n\n\n\n<figure class=\"wp-block-image size-large\"><img loading=\"lazy\" decoding=\"async\" width=\"1024\" height=\"768\" src=\"https:\/\/encuentroinformativo.com.mx\/wp-content\/uploads\/2024\/01\/IMG_4963-1024x768.jpg\" alt=\"\" class=\"wp-image-49063\" srcset=\"https:\/\/encuentroinformativo.com.mx\/wp-content\/uploads\/2024\/01\/IMG_4963-1024x768.jpg 1024w, https:\/\/encuentroinformativo.com.mx\/wp-content\/uploads\/2024\/01\/IMG_4963-300x225.jpg 300w, https:\/\/encuentroinformativo.com.mx\/wp-content\/uploads\/2024\/01\/IMG_4963-768x576.jpg 768w, https:\/\/encuentroinformativo.com.mx\/wp-content\/uploads\/2024\/01\/IMG_4963-1536x1152.jpg 1536w, https:\/\/encuentroinformativo.com.mx\/wp-content\/uploads\/2024\/01\/IMG_4963.jpg 1560w\" sizes=\"auto, (max-width: 1024px) 100vw, 1024px\" \/><\/figure>\n\n\n\n<p>Sin embargo, solicitaron a las autoridades estatales y federales que lleven a cabo acciones para garantizar la seguridad de los visitantes al Cofre de Perote, donde se han registrado nevadas durante las \u00faltimas semanas.<\/p>\n\n\n\n<p>\u201cEsperemos que sea una mala experiencia solamente para los turistas, pero ya no sabemos si nos identificaron como extranjeros o no. Ac\u00e1 no se ve ninguna persona, un funcionario, alguna secretar\u00eda de gobierno por ac\u00e1. Entonces ah\u00ed nos vamos. Decidimos dar la vuelta por seguridad nuestra\u201d, indicaron.<\/p>\n\n\n\n<p>A pesar de esta mala experiencia en el Parque Nacional Cofre de Perote, reconocen que M\u00e9xico es un pa\u00eds hermoso y explorar\u00e1n otros lugares.<\/p>\n\n\n\n<p>\u201cVamos a bajar, aprovechar y recorrer otros lugares porque no podemos ver s\u00f3lo un punto negro porque el pa\u00eds es bell\u00edsimo. Tenemos muchos lados que hemos conocido y no nos podemos ir con una mala impresi\u00f3n de todo el estado por una sola condici\u00f3n\u201d, remataron.<\/p>\n","protected":false},"excerpt":{"rendered":"<p>Juan Arcos Xalapa, Ver.- Turistas extranjeros denunciaron que tuvieron una mala experiencia durante su visita al Parque Nacional del Cofre de Perote, en la regi\u00f3n central del estado de Veracruz. Jason S\u00e1nchez, originario de Costa Rica, coment\u00f3 que se encontraron con personas que no daban confianza y que cobraban cierta cantidad de dinero para acceder [&hellip;]<\/p>\n","protected":false},"author":2476,"featured_media":49062,"comment_status":"open","ping_status":"open","sticky":false,"template":"","format":"standard","meta":{"_jetpack_memberships_contains_paid_content":false,"footnotes":""},"categories":[8],"tags":[],"class_list":["post-49061","post","type-post","status-publish","format-standard","has-post-thumbnail","hentry","category-region"],"jetpack_featured_media_url":"https:\/\/encuentroinformativo.com.mx\/wp-content\/uploads\/2024\/01\/IMG_4960.jpg","jetpack_sharing_enabled":true,"jetpack_likes_enabled":true,"amp_enabled":true,"_links":{"self":[{"href":"https:\/\/encuentroinformativo.com.mx\/index.php?rest_route=\/wp\/v2\/posts\/49061","targetHints":{"allow":["GET"]}}],"collection":[{"href":"https:\/\/encuentroinformativo.com.mx\/index.php?rest_route=\/wp\/v2\/posts"}],"about":[{"href":"https:\/\/encuentroinformativo.com.mx\/index.php?rest_route=\/wp\/v2\/types\/post"}],"author":[{"embeddable":true,"href":"https:\/\/encuentroinformativo.com.mx\/index.php?rest_route=\/wp\/v2\/users\/2476"}],"replies":[{"embeddable":true,"href":"https:\/\/encuentroinformativo.com.mx\/index.php?rest_route=%2Fwp%2Fv2%2Fcomments&post=49061"}],"version-history":[{"count":1,"href":"https:\/\/encuentroinformativo.com.mx\/index.php?rest_route=\/wp\/v2\/posts\/49061\/revisions"}],"predecessor-version":[{"id":49064,"href":"https:\/\/encuentroinformativo.com.mx\/index.php?rest_route=\/wp\/v2\/posts\/49061\/revisions\/49064"}],"wp:featuredmedia":[{"embeddable":true,"href":"https:\/\/encuentroinformativo.com.mx\/index.php?rest_route=\/wp\/v2\/media\/49062"}],"wp:attachment":[{"href":"https:\/\/encuentroinformativo.com.mx\/index.php?rest_route=%2Fwp%2Fv2%2Fmedia&parent=49061"}],"wp:term":[{"taxonomy":"category","embeddable":true,"href":"https:\/\/encuentroinformativo.com.mx\/index.php?rest_route=%2Fwp%2Fv2%2Fcategories&post=49061"},{"taxonomy":"post_tag","embeddable":true,"href":"https:\/\/encuentroinformativo.com.mx\/index.php?rest_route=%2Fwp%2Fv2%2Ftags&post=49061"}],"curies":[{"name":"wp","href":"https:\/\/api.w.org\/{rel}","templated":true}]}}