{"id":49065,"date":"2024-01-03T11:45:59","date_gmt":"2024-01-03T17:45:59","guid":{"rendered":"https:\/\/encuentroinformativo.com.mx\/?p=49065"},"modified":"2024-01-03T11:46:02","modified_gmt":"2024-01-03T17:46:02","slug":"detienen-a-expolicia-por-presunto-homicidio-de-joven-al-interior-de-cuartel-san-jose","status":"publish","type":"post","link":"https:\/\/encuentroinformativo.com.mx\/?p=49065","title":{"rendered":"Detienen a expolic\u00eda por presunto homicidio de joven al interior de cuartel San Jos\u00e9"},"content":{"rendered":"\n<p><strong>Juan Arcos <\/strong><\/p>\n\n\n\n<p>Xalapa, Ver.- Gustavo Ortiz Hern\u00e1ndez sali\u00f3 de casa el 24 de octubre de 2020 pero fue detenido por polic\u00edas estatales y falleci\u00f3 en el cuartel \u201cHeriberto Jara Corona\u201d, mejor conocido como \u201cSan Jos\u00e9\u201d; sin embargo, por este caso, polic\u00edas ministeriales detuvieron a Carlos Jaime \u201cN\u201d, exelemento de la Secretar\u00eda de Seguridad P\u00fablica (SSP), como presunto responsable del delito de homicidio doloso calificado.<\/p>\n\n\n\n<p>Gustavo Ortiz, de 36 a\u00f1os, laboraba como mec\u00e1nico. Ese d\u00eda hab\u00eda acudido a un taller en la zona del municipio de Banderilla y ah\u00ed fue detenido por tres polic\u00edas de la Secretar\u00eda de Seguridad P\u00fablica para trasladarlo a la comandancia, en la ciudad de Xalapa.<\/p>\n\n\n\n<p>En octubre de 2020, familiares y amigos de Gustavo Ortiz lanzaron piedras, botellas y tubos al cuartel \u201cSan Jos\u00e9\u201d, luego de que fuera detenido y muriera al interior de los separos.<\/p>\n\n\n\n<p>El joven hab\u00eda sido arrestado siendo se\u00f1alado de presunto extorsionador y, despu\u00e9s de unas horas, se inform\u00f3 a sus familiares que hab\u00eda fallecido dentro de la comandancia.<\/p>\n\n\n\n<p>Gustavo fue detenido sobre la carretera Banderilla-Perote, acusado de formar parte de una banda dedicada al cobro de piso en la regi\u00f3n capital del estado de Veracruz, situaci\u00f3n que no pudieron comprobar.<\/p>\n\n\n\n<p>Adem\u00e1s, el parte informativo de la Secretar\u00eda de Seguridad P\u00fablica indic\u00f3 que el mec\u00e1nico muri\u00f3 a causa de una \u201cfuerte intoxicaci\u00f3n\u201d, dando a entender que hab\u00eda consumido drogas.<\/p>\n\n\n\n<p>Este mi\u00e9rcoles 3 de enero, la titular de la Fiscal\u00eda General del Estado (FGE), Ver\u00f3nica Hern\u00e1ndez Gi\u00e1dans, inform\u00f3 en la Mesa de Coordinaci\u00f3n para la Construcci\u00f3n de la Paz, encabezada por el gobernador Cuitl\u00e1huac Garc\u00eda Jim\u00e9nez, que\u00a0elementos de la\u00a0Delegaci\u00f3n\u00a0Regional\u00a0Xalapa de\u00a0la\u00a0Polic\u00eda Ministerial cumplimentaron orden de aprehensi\u00f3n\u00a0en contra de Carlos Jaime\u00a0\u201cN\u201d, exelemento de la Secretar\u00eda de Seguridad P\u00fablica,\u00a0como presunto responsable del delito de\u00a0homicidio doloso calificado\u00a0en\u00a0agravio de la v\u00edctima identificada con las iniciales G.O.H.<\/p>\n\n\n\n<p>El expolic\u00eda estatal ser\u00eda\u00a0puesto a disposici\u00f3n\u00a0del Juez\u00a0de Proceso y Procedimiento Penal Oral del Distrito\u00a0Judicial XI, quien definir\u00e1 su situaci\u00f3n en audiencia inicial dentro del proceso penal\u00a0411\/2022.<\/p>\n\n\n\n<p>Cabe recordar que el pasado 30 de noviembre, familiares de los tres j\u00f3venes que murieron al interior del cuartel \u201cHeriberto Jara Corona\u201d (Gerson Castro, Carlos Navarro y Gustavo Ortiz) protestaron afuera de la Fiscal\u00eda General del Estado (FGE), en la zona sur de la ciudad de Xalapa, para exigir justicia por estos casos.<\/p>\n\n\n\n<p>Despu\u00e9s de 32 d\u00edas de esa manifestaci\u00f3n, la Fiscal\u00eda General del Estado dio a conocer avances importantes en las investigaciones correspondientes.<\/p>\n","protected":false},"excerpt":{"rendered":"<p>Juan Arcos Xalapa, Ver.- Gustavo Ortiz Hern\u00e1ndez sali\u00f3 de casa el 24 de octubre de 2020 pero fue detenido por polic\u00edas estatales y falleci\u00f3 en el cuartel \u201cHeriberto Jara Corona\u201d, mejor conocido como \u201cSan Jos\u00e9\u201d; sin embargo, por este caso, polic\u00edas ministeriales detuvieron a Carlos Jaime \u201cN\u201d, exelemento de la Secretar\u00eda de Seguridad P\u00fablica (SSP), [&hellip;]<\/p>\n","protected":false},"author":2476,"featured_media":49066,"comment_status":"open","ping_status":"open","sticky":false,"template":"","format":"standard","meta":{"_jetpack_memberships_contains_paid_content":false,"footnotes":""},"categories":[14],"tags":[],"class_list":["post-49065","post","type-post","status-publish","format-standard","has-post-thumbnail","hentry","category-policiaca"],"jetpack_featured_media_url":"https:\/\/encuentroinformativo.com.mx\/wp-content\/uploads\/2024\/01\/43d1b535-5409-45b3-bffe-eaa48cc6d8b7.jpg","jetpack_sharing_enabled":true,"jetpack_likes_enabled":true,"amp_enabled":true,"_links":{"self":[{"href":"https:\/\/encuentroinformativo.com.mx\/index.php?rest_route=\/wp\/v2\/posts\/49065","targetHints":{"allow":["GET"]}}],"collection":[{"href":"https:\/\/encuentroinformativo.com.mx\/index.php?rest_route=\/wp\/v2\/posts"}],"about":[{"href":"https:\/\/encuentroinformativo.com.mx\/index.php?rest_route=\/wp\/v2\/types\/post"}],"author":[{"embeddable":true,"href":"https:\/\/encuentroinformativo.com.mx\/index.php?rest_route=\/wp\/v2\/users\/2476"}],"replies":[{"embeddable":true,"href":"https:\/\/encuentroinformativo.com.mx\/index.php?rest_route=%2Fwp%2Fv2%2Fcomments&post=49065"}],"version-history":[{"count":1,"href":"https:\/\/encuentroinformativo.com.mx\/index.php?rest_route=\/wp\/v2\/posts\/49065\/revisions"}],"predecessor-version":[{"id":49067,"href":"https:\/\/encuentroinformativo.com.mx\/index.php?rest_route=\/wp\/v2\/posts\/49065\/revisions\/49067"}],"wp:featuredmedia":[{"embeddable":true,"href":"https:\/\/encuentroinformativo.com.mx\/index.php?rest_route=\/wp\/v2\/media\/49066"}],"wp:attachment":[{"href":"https:\/\/encuentroinformativo.com.mx\/index.php?rest_route=%2Fwp%2Fv2%2Fmedia&parent=49065"}],"wp:term":[{"taxonomy":"category","embeddable":true,"href":"https:\/\/encuentroinformativo.com.mx\/index.php?rest_route=%2Fwp%2Fv2%2Fcategories&post=49065"},{"taxonomy":"post_tag","embeddable":true,"href":"https:\/\/encuentroinformativo.com.mx\/index.php?rest_route=%2Fwp%2Fv2%2Ftags&post=49065"}],"curies":[{"name":"wp","href":"https:\/\/api.w.org\/{rel}","templated":true}]}}