{"id":49074,"date":"2024-01-03T12:03:54","date_gmt":"2024-01-03T18:03:54","guid":{"rendered":"https:\/\/encuentroinformativo.com.mx\/?p=49074"},"modified":"2024-01-03T12:03:59","modified_gmt":"2024-01-03T18:03:59","slug":"artesanos-de-malecon-exigen-que-asipona-pague-tributo-municipal-en-calles-y-luminarias","status":"publish","type":"post","link":"https:\/\/encuentroinformativo.com.mx\/?p=49074","title":{"rendered":"Artesanos de Malec\u00f3n exigen que ASIPONA pague tributo municipal en calles y luminarias"},"content":{"rendered":"\n<p><strong>Alejandro \u00c1vila<\/strong><\/p>\n\n\n\n<p>Veracruz, Ver.- El grupo de artesanos del malec\u00f3n de Veracruz, que lidera el comerciante, \u00c1ngel Hern\u00e1ndez Ramos, solicit\u00f3 a la Administraci\u00f3n del Sistema portuario Nacional (ASIPONA) que utilice los recursos que debe entregar al Ayuntamiento en mejorar vialidades y luminarias.<\/p>\n\n\n\n<p>En la entrevista concedida la ma\u00f1ana de este mi\u00e9rcoles, los comerciantes se mostraron en contra de la realizaci\u00f3n de la llamada Plaza al Hero\u00edsmo Veracruzano, misma que se tiene contemplada construir con recurso federal durante este 2024.<\/p>\n\n\n\n<p>Es de mencionar que este espacio p\u00fablico tendr\u00e1 lugar en las antiguas bodegas del muelle de Veracruz, y abarca evidentemente, el espacio donde se ubican los locales comerciales de los artesanos del Malec\u00f3n de Veracruz.<\/p>\n\n\n\n<p>&#8220;Siempre han buscado querernos confrontar con la ciudadan\u00eda, si usted le pregunta a un ciudadano si prefiere una plaza para honrar el hero\u00edsmo de los veracruzanos, yo creo que lo primero que le va a decir es, sabes que, yo quiero calles iluminadas, calles transitables y vivir en una ciudad donde pueda yo caminar a cualquier hora sin ning\u00fan problema (\u2026) hago una observaci\u00f3n, ASIPONA paga sus contribuciones al Ayuntamiento no con dinero, ese dinero de ASIPONA que va a ocupar, no se va a las arcas del municipio, ASIPONA paga en especie, por esa raz\u00f3n se han hecho las obras de Rafael Cuervo, el puente Allende, es dinero que ASIPONA ocupa de lo que ten\u00eda o tiene que contribuir al Ayuntamiento&#8221;, asest\u00f3.<\/p>\n\n\n\n<p>Finalmente, don \u00c1ngel Hern\u00e1ndez, reconoci\u00f3 que no cuentan con ninguna autoridad legal para dar permiso o no para la construcci\u00f3n de la Plaza al Hero\u00edsmo Veracruzano; sin embargo, solicitan al Ayuntamiento intervenga para que no sean reubicados o en su defecto, les coloquen locales comerciales adecuados para desarrollar su actividad.<\/p>\n\n\n\n<p>&#8220;Nosotros no somos qui\u00e9n para dar permiso, nosotros somos gente de trabajo que que lo \u00fanico que queremos es que nos dejen seguir trabajando en este espacio que le cost\u00f3 nuestros abuelos, y que es un proyecto que desde un principio tuvo la intenci\u00f3n de dignificar la artesan\u00eda de los veracruzanos&#8221;, culmin\u00f3.<\/p>\n","protected":false},"excerpt":{"rendered":"<p>Alejandro \u00c1vila Veracruz, Ver.- El grupo de artesanos del malec\u00f3n de Veracruz, que lidera el comerciante, \u00c1ngel Hern\u00e1ndez Ramos, solicit\u00f3 a la Administraci\u00f3n del Sistema portuario Nacional (ASIPONA) que utilice los recursos que debe entregar al Ayuntamiento en mejorar vialidades y luminarias. En la entrevista concedida la ma\u00f1ana de este mi\u00e9rcoles, los comerciantes se mostraron [&hellip;]<\/p>\n","protected":false},"author":2476,"featured_media":49075,"comment_status":"open","ping_status":"open","sticky":false,"template":"","format":"standard","meta":{"_jetpack_memberships_contains_paid_content":false,"footnotes":""},"categories":[2],"tags":[],"class_list":["post-49074","post","type-post","status-publish","format-standard","has-post-thumbnail","hentry","category-estado"],"jetpack_featured_media_url":"https:\/\/encuentroinformativo.com.mx\/wp-content\/uploads\/2024\/01\/IMG-20240103-WA0009.jpg","jetpack_sharing_enabled":true,"jetpack_likes_enabled":true,"amp_enabled":true,"_links":{"self":[{"href":"https:\/\/encuentroinformativo.com.mx\/index.php?rest_route=\/wp\/v2\/posts\/49074","targetHints":{"allow":["GET"]}}],"collection":[{"href":"https:\/\/encuentroinformativo.com.mx\/index.php?rest_route=\/wp\/v2\/posts"}],"about":[{"href":"https:\/\/encuentroinformativo.com.mx\/index.php?rest_route=\/wp\/v2\/types\/post"}],"author":[{"embeddable":true,"href":"https:\/\/encuentroinformativo.com.mx\/index.php?rest_route=\/wp\/v2\/users\/2476"}],"replies":[{"embeddable":true,"href":"https:\/\/encuentroinformativo.com.mx\/index.php?rest_route=%2Fwp%2Fv2%2Fcomments&post=49074"}],"version-history":[{"count":1,"href":"https:\/\/encuentroinformativo.com.mx\/index.php?rest_route=\/wp\/v2\/posts\/49074\/revisions"}],"predecessor-version":[{"id":49076,"href":"https:\/\/encuentroinformativo.com.mx\/index.php?rest_route=\/wp\/v2\/posts\/49074\/revisions\/49076"}],"wp:featuredmedia":[{"embeddable":true,"href":"https:\/\/encuentroinformativo.com.mx\/index.php?rest_route=\/wp\/v2\/media\/49075"}],"wp:attachment":[{"href":"https:\/\/encuentroinformativo.com.mx\/index.php?rest_route=%2Fwp%2Fv2%2Fmedia&parent=49074"}],"wp:term":[{"taxonomy":"category","embeddable":true,"href":"https:\/\/encuentroinformativo.com.mx\/index.php?rest_route=%2Fwp%2Fv2%2Fcategories&post=49074"},{"taxonomy":"post_tag","embeddable":true,"href":"https:\/\/encuentroinformativo.com.mx\/index.php?rest_route=%2Fwp%2Fv2%2Ftags&post=49074"}],"curies":[{"name":"wp","href":"https:\/\/api.w.org\/{rel}","templated":true}]}}