{"id":49091,"date":"2024-01-04T12:13:05","date_gmt":"2024-01-04T18:13:05","guid":{"rendered":"https:\/\/encuentroinformativo.com.mx\/?p=49091"},"modified":"2024-01-04T12:13:09","modified_gmt":"2024-01-04T18:13:09","slug":"vecinos-acusan-que-comerciantes-invaden-carril-en-zona-de-las-trancas","status":"publish","type":"post","link":"https:\/\/encuentroinformativo.com.mx\/?p=49091","title":{"rendered":"Vecinos acusan que comerciantes invaden carril en zona de Las Trancas"},"content":{"rendered":"\n<p><strong>Juan Arcos <\/strong><\/p>\n\n\n\n<p>Xalapa, Ver.- Vecinos de los fraccionamientos que se encuentran cerca de la Central de Abastos de Xalapa denunciaron que personas desconocidas invaden la v\u00eda p\u00fablica y el acceso hacia sus residencias.<\/p>\n\n\n\n<p>De acuerdo con Camila Langarica, vecina del fraccionamiento Valle Real, el problema es que no se puede tomar el carril de incorporaci\u00f3n correctamente debido a que hay veh\u00edculos estacionados en la gasolinera que bloquean el paso.<\/p>\n\n\n\n<p>\u201cEs un problema para los que nos incorporamos de la central de Abasto porque en ese carril es este pues incorporaci\u00f3n, pero no puedes tomarlo como tal porque adelante de la gasolinera hay unos, este, ah\u00ed o se estacionan los tr\u00e1ileres o se estacionan las camionetas o gente que se para y a comer o ir al ba\u00f1o, a lavarse ah\u00ed en la gasolinera\u201d.<\/p>\n\n\n\n<p>Esto ocurre sobre la carretera federal Xalapa-Veracruz, a la altura de la zona de Las Trancas, donde fue complicada la vialidad por la construcci\u00f3n del Paso Superior Vehicular.<\/p>\n\n\n\n<p>\u201cIncluso, los que salen de la gasolinera de cargar gasolina pues tienen que abrirse hasta un segundo carril casi casi y no pueden incorporarse ah\u00ed como como deber\u00eda ser, es el que est\u00e1 saliendo de la central de Abasto pasando el m\u00f3dulo de polic\u00edas\u201d.<\/p>\n\n\n\n<p>Los que salen de la gasolinera tambi\u00e9n tienen dificultades para incorporarse al carril debido a la presencia de tr\u00e1ileres y camionetas que se estacionan all\u00ed.<\/p>\n\n\n\n<p>\u201cAhorita son vacaciones y pues no no no est\u00e1 tan tan problem\u00e1tico pero una vez que regresan todos a la escuela o sea son filas y filas y filas casi desde la incorporaci\u00f3n para bajar a la central de abasto sobre la carretera porque porque ah\u00ed salen y este y pues no hay carriles\u201d, insisti\u00f3 la residente.<\/p>\n\n\n\n<p>Los habitantes se\u00f1alaron que dicha situaci\u00f3n representa un problema porque E trata de la \u00fanica entrada y salada para el fraccionamiento Valle Real.<\/p>\n\n\n\n<p>Por tal motivo, pidieron la urgente intervenci\u00f3n de las autoridades estatales y municipales para que este tema sea atendido lo antes posible.<\/p>\n","protected":false},"excerpt":{"rendered":"<p>Juan Arcos Xalapa, Ver.- Vecinos de los fraccionamientos que se encuentran cerca de la Central de Abastos de Xalapa denunciaron que personas desconocidas invaden la v\u00eda p\u00fablica y el acceso hacia sus residencias. De acuerdo con Camila Langarica, vecina del fraccionamiento Valle Real, el problema es que no se puede tomar el carril de incorporaci\u00f3n [&hellip;]<\/p>\n","protected":false},"author":2476,"featured_media":49092,"comment_status":"open","ping_status":"open","sticky":false,"template":"","format":"standard","meta":{"_jetpack_memberships_contains_paid_content":false,"footnotes":""},"categories":[8],"tags":[],"class_list":["post-49091","post","type-post","status-publish","format-standard","has-post-thumbnail","hentry","category-region"],"jetpack_featured_media_url":"https:\/\/encuentroinformativo.com.mx\/wp-content\/uploads\/2024\/01\/f139a33c-d6f6-4c6b-8c25-b1a299ffa41a.jpg","jetpack_sharing_enabled":true,"jetpack_likes_enabled":true,"amp_enabled":true,"_links":{"self":[{"href":"https:\/\/encuentroinformativo.com.mx\/index.php?rest_route=\/wp\/v2\/posts\/49091","targetHints":{"allow":["GET"]}}],"collection":[{"href":"https:\/\/encuentroinformativo.com.mx\/index.php?rest_route=\/wp\/v2\/posts"}],"about":[{"href":"https:\/\/encuentroinformativo.com.mx\/index.php?rest_route=\/wp\/v2\/types\/post"}],"author":[{"embeddable":true,"href":"https:\/\/encuentroinformativo.com.mx\/index.php?rest_route=\/wp\/v2\/users\/2476"}],"replies":[{"embeddable":true,"href":"https:\/\/encuentroinformativo.com.mx\/index.php?rest_route=%2Fwp%2Fv2%2Fcomments&post=49091"}],"version-history":[{"count":1,"href":"https:\/\/encuentroinformativo.com.mx\/index.php?rest_route=\/wp\/v2\/posts\/49091\/revisions"}],"predecessor-version":[{"id":49093,"href":"https:\/\/encuentroinformativo.com.mx\/index.php?rest_route=\/wp\/v2\/posts\/49091\/revisions\/49093"}],"wp:featuredmedia":[{"embeddable":true,"href":"https:\/\/encuentroinformativo.com.mx\/index.php?rest_route=\/wp\/v2\/media\/49092"}],"wp:attachment":[{"href":"https:\/\/encuentroinformativo.com.mx\/index.php?rest_route=%2Fwp%2Fv2%2Fmedia&parent=49091"}],"wp:term":[{"taxonomy":"category","embeddable":true,"href":"https:\/\/encuentroinformativo.com.mx\/index.php?rest_route=%2Fwp%2Fv2%2Fcategories&post=49091"},{"taxonomy":"post_tag","embeddable":true,"href":"https:\/\/encuentroinformativo.com.mx\/index.php?rest_route=%2Fwp%2Fv2%2Ftags&post=49091"}],"curies":[{"name":"wp","href":"https:\/\/api.w.org\/{rel}","templated":true}]}}