{"id":49097,"date":"2024-01-04T12:18:51","date_gmt":"2024-01-04T18:18:51","guid":{"rendered":"https:\/\/encuentroinformativo.com.mx\/?p=49097"},"modified":"2024-01-04T12:18:57","modified_gmt":"2024-01-04T18:18:57","slug":"confirma-senadora-presencia-de-xochitl-galvez-en-veracruz","status":"publish","type":"post","link":"https:\/\/encuentroinformativo.com.mx\/?p=49097","title":{"rendered":"Confirma Senadora presencia de X\u00f3chitl G\u00e1lvez en Veracruz"},"content":{"rendered":"\n<p><strong>Alejandro \u00c1vila<\/strong><\/p>\n\n\n\n<p>Veracruz, Ver.- La Senadora, Indira Rosales San Rom\u00e1n, confirm\u00f3 la visita de la candidata del &#8220;Frente Amplio Por M\u00e9xico&#8221; X\u00f3chitl G\u00e1lvez Ruiz, el pr\u00f3ximo 6 de enero a la ciudad y puerto de Veracruz.<\/p>\n\n\n\n<p>La candidata de los partidos de oposici\u00f3n estar\u00e1 presente en el aniversario de la Promulgaci\u00f3n de la Ley Agraria, evento que se realizar\u00e1 a las 10 y media de la ma\u00f1ana en el Faro &#8220;Venustiano Carranza&#8221;.<\/p>\n\n\n\n<p>&#8220;Posteriormente, al mediod\u00eda, continuar\u00e1 en un evento con la Uni\u00f3n Ganadera Regional Centro Veracruz en Ylang Ylang, esto forma parte de las numerosas cantidad de veces que ha venido a visitar el estado de Veracruz, y en este caso la zona conurbada (\u2026) ya formalmente al haberse entregado el registro de la coalici\u00f3n la semana pasada, y ahora con el registro como precandidato de Pepe Yunes, pues ya formalmente iniciamos este proceso electoral como coalici\u00f3n PRI, PAN y PRD&#8221;, mencion\u00f3.<\/p>\n\n\n\n<p>En ambos eventos tambi\u00e9n estar\u00e1 presente el candidato de la coalici\u00f3n &#8220;Fuerza y Coraz\u00f3n por Veracruz&#8221;, Jos\u00e9 Francisco Yunes Zorrilla, qui\u00e9n juntar\u00e1 a los liderazgos de las agrupaciones campesinas que en anta\u00f1o arroparon a los candidatos priistas, y los cuales hoy han denunciado el olvido del actual Gobierno Federal.<\/p>\n","protected":false},"excerpt":{"rendered":"<p>Alejandro \u00c1vila Veracruz, Ver.- La Senadora, Indira Rosales San Rom\u00e1n, confirm\u00f3 la visita de la candidata del &#8220;Frente Amplio Por M\u00e9xico&#8221; X\u00f3chitl G\u00e1lvez Ruiz, el pr\u00f3ximo 6 de enero a la ciudad y puerto de Veracruz. La candidata de los partidos de oposici\u00f3n estar\u00e1 presente en el aniversario de la Promulgaci\u00f3n de la Ley Agraria, [&hellip;]<\/p>\n","protected":false},"author":2476,"featured_media":49098,"comment_status":"open","ping_status":"open","sticky":false,"template":"","format":"standard","meta":{"_jetpack_memberships_contains_paid_content":false,"footnotes":""},"categories":[2],"tags":[],"class_list":["post-49097","post","type-post","status-publish","format-standard","has-post-thumbnail","hentry","category-estado"],"jetpack_featured_media_url":"https:\/\/encuentroinformativo.com.mx\/wp-content\/uploads\/2024\/01\/IMG-20240104-WA0003.jpg","jetpack_sharing_enabled":true,"jetpack_likes_enabled":true,"amp_enabled":true,"_links":{"self":[{"href":"https:\/\/encuentroinformativo.com.mx\/index.php?rest_route=\/wp\/v2\/posts\/49097","targetHints":{"allow":["GET"]}}],"collection":[{"href":"https:\/\/encuentroinformativo.com.mx\/index.php?rest_route=\/wp\/v2\/posts"}],"about":[{"href":"https:\/\/encuentroinformativo.com.mx\/index.php?rest_route=\/wp\/v2\/types\/post"}],"author":[{"embeddable":true,"href":"https:\/\/encuentroinformativo.com.mx\/index.php?rest_route=\/wp\/v2\/users\/2476"}],"replies":[{"embeddable":true,"href":"https:\/\/encuentroinformativo.com.mx\/index.php?rest_route=%2Fwp%2Fv2%2Fcomments&post=49097"}],"version-history":[{"count":1,"href":"https:\/\/encuentroinformativo.com.mx\/index.php?rest_route=\/wp\/v2\/posts\/49097\/revisions"}],"predecessor-version":[{"id":49099,"href":"https:\/\/encuentroinformativo.com.mx\/index.php?rest_route=\/wp\/v2\/posts\/49097\/revisions\/49099"}],"wp:featuredmedia":[{"embeddable":true,"href":"https:\/\/encuentroinformativo.com.mx\/index.php?rest_route=\/wp\/v2\/media\/49098"}],"wp:attachment":[{"href":"https:\/\/encuentroinformativo.com.mx\/index.php?rest_route=%2Fwp%2Fv2%2Fmedia&parent=49097"}],"wp:term":[{"taxonomy":"category","embeddable":true,"href":"https:\/\/encuentroinformativo.com.mx\/index.php?rest_route=%2Fwp%2Fv2%2Fcategories&post=49097"},{"taxonomy":"post_tag","embeddable":true,"href":"https:\/\/encuentroinformativo.com.mx\/index.php?rest_route=%2Fwp%2Fv2%2Ftags&post=49097"}],"curies":[{"name":"wp","href":"https:\/\/api.w.org\/{rel}","templated":true}]}}