{"id":4910,"date":"2020-08-14T13:41:02","date_gmt":"2020-08-14T18:41:02","guid":{"rendered":"https:\/\/encuentroinformativo.com\/?p=4910"},"modified":"2020-08-14T19:46:21","modified_gmt":"2020-08-15T00:46:21","slug":"lideresa-de-unta-fallecio-a-causa-de-covid19","status":"publish","type":"post","link":"https:\/\/encuentroinformativo.com.mx\/?p=4910","title":{"rendered":"Lideresa de UNTA falleci\u00f3 a causa de Covid19"},"content":{"rendered":"\n<p><strong>Juan Arcos <\/strong><\/p>\n\n\n\n<p>Xalapa, Ver.- Martha Macedo Macedo, coordinadora de la Uni\u00f3n Nacional de Trabajadores del Campo (UNTA), muri\u00f3 a sus 53 a\u00f1os la madrugada de este viernes, a causa del SARS-COV-2 (COVID-19).<\/p>\n\n\n\n<p>La lideresa dio positivo a la prueba en julio pasado y, durante cuatro semanas, permaneci\u00f3 internada en el Centro de Alta Especialidad (CAE) \u201cDoctor Rafael Lucio\u201d, ubicado sobre la avenida Ruiz Cortines, en Xalapa, la capital de Veracruz.<\/p>\n\n\n\n<p>Era originaria de Acayucan, municipio localizado en la zona sur de la entidad.<\/p>\n\n\n\n<p>Martha Macedo encabez\u00f3 marchas, plantones y bloqueos carreteros, para exigir a los gobiernos pol\u00edticas p\u00fablicas que mejoraran las condiciones del campo veracruzano.<\/p>\n\n\n\n<p>El 8 de agosto de 2019, fue su \u00faltima aparici\u00f3n en manifestaciones. Encabez\u00f3 el cierre de la carretera Xalapa-Veracruz, a la altura de Corral Falso, como parte de un paro a nivel nacional, para exigir una audiencia con el presidente Andr\u00e9s Manuel L\u00f3pez Obrador y manifestarle la necesidad de que haya m\u00e1s apoyos para los campesinos.<\/p>\n\n\n\n<p>El 15 de julio del mismo a\u00f1o, particip\u00f3 en una jornada nacional de protestas, en la oficinas de la Secretar\u00eda de Hacienda y Cr\u00e9dito y P\u00fablico (SHCP). En Xalapa, las instalaciones del Servicio de Administraci\u00f3n Tributaria (SAT).<\/p>\n\n\n\n<p>La Coordinadora de la UNTA exig\u00eda que fueran dispersados todos los recursos destinados al campo y denunciaba un presunto subejercicio.<\/p>\n\n\n\n<p>El 23 de junio del a\u00f1o pasado, ella y decenas de campesinos protestaron afuera de Secretar\u00eda de Desarrollo Agropecuario, Rural y Pesca (Sedarpa), pues se\u00f1alaban un presunto desv\u00edo de recursos en la administraci\u00f3n estatal que encabez\u00f3 Miguel \u00c1ngel Yunes Linares.<\/p>\n\n\n\n<p>Es esa ocasi\u00f3n, Martha Macedo exig\u00eda un mill\u00f3n de pesos, mismo que debi\u00f3 pagarse a productores de los municipios de Tierra Blanca y Paso de Ovejas.<\/p>\n\n\n\n<p>La mujer ser\u00e1 recordada como una mujer combativa que defendi\u00f3 los derechos de las familias del campo.<\/p>\n\n\n\n<p><\/p>\n","protected":false},"excerpt":{"rendered":"<p>Juan Arcos Xalapa, Ver.- Martha Macedo Macedo, coordinadora de la Uni\u00f3n Nacional de Trabajadores del Campo (UNTA), muri\u00f3 a sus 53 a\u00f1os la madrugada de este viernes, a causa del SARS-COV-2 (COVID-19). La lideresa dio positivo a la prueba en julio pasado y, durante cuatro semanas, permaneci\u00f3 internada en el Centro de Alta Especialidad (CAE) [&hellip;]<\/p>\n","protected":false},"author":1,"featured_media":4911,"comment_status":"open","ping_status":"open","sticky":false,"template":"","format":"standard","meta":{"_jetpack_memberships_contains_paid_content":false,"footnotes":""},"categories":[2],"tags":[],"class_list":["post-4910","post","type-post","status-publish","format-standard","has-post-thumbnail","hentry","category-estado"],"jetpack_featured_media_url":"https:\/\/encuentroinformativo.com.mx\/wp-content\/uploads\/2020\/08\/E9AAABE3-3365-4D19-99F2-5280EAEC2A8F.jpeg","jetpack_sharing_enabled":true,"jetpack_likes_enabled":true,"amp_enabled":true,"_links":{"self":[{"href":"https:\/\/encuentroinformativo.com.mx\/index.php?rest_route=\/wp\/v2\/posts\/4910","targetHints":{"allow":["GET"]}}],"collection":[{"href":"https:\/\/encuentroinformativo.com.mx\/index.php?rest_route=\/wp\/v2\/posts"}],"about":[{"href":"https:\/\/encuentroinformativo.com.mx\/index.php?rest_route=\/wp\/v2\/types\/post"}],"author":[{"embeddable":true,"href":"https:\/\/encuentroinformativo.com.mx\/index.php?rest_route=\/wp\/v2\/users\/1"}],"replies":[{"embeddable":true,"href":"https:\/\/encuentroinformativo.com.mx\/index.php?rest_route=%2Fwp%2Fv2%2Fcomments&post=4910"}],"version-history":[{"count":1,"href":"https:\/\/encuentroinformativo.com.mx\/index.php?rest_route=\/wp\/v2\/posts\/4910\/revisions"}],"predecessor-version":[{"id":4912,"href":"https:\/\/encuentroinformativo.com.mx\/index.php?rest_route=\/wp\/v2\/posts\/4910\/revisions\/4912"}],"wp:featuredmedia":[{"embeddable":true,"href":"https:\/\/encuentroinformativo.com.mx\/index.php?rest_route=\/wp\/v2\/media\/4911"}],"wp:attachment":[{"href":"https:\/\/encuentroinformativo.com.mx\/index.php?rest_route=%2Fwp%2Fv2%2Fmedia&parent=4910"}],"wp:term":[{"taxonomy":"category","embeddable":true,"href":"https:\/\/encuentroinformativo.com.mx\/index.php?rest_route=%2Fwp%2Fv2%2Fcategories&post=4910"},{"taxonomy":"post_tag","embeddable":true,"href":"https:\/\/encuentroinformativo.com.mx\/index.php?rest_route=%2Fwp%2Fv2%2Ftags&post=4910"}],"curies":[{"name":"wp","href":"https:\/\/api.w.org\/{rel}","templated":true}]}}